{"id":6196,"date":"2020-03-02T11:41:07","date_gmt":"2020-03-02T14:41:07","guid":{"rendered":"http:\/\/www2.icb.ufmg.br\/napg\/?p=6196"},"modified":"2025-02-19T11:36:50","modified_gmt":"2025-02-19T14:36:50","slug":"aula-magna-2020","status":"publish","type":"post","link":"https:\/\/www2.icb.ufmg.br\/napg\/?p=6196","title":{"rendered":"Aula Magna 2020"},"content":{"rendered":"\t\t<div data-elementor-type=\"wp-post\" data-elementor-id=\"6196\" class=\"elementor elementor-6196\" data-elementor-settings=\"[]\">\n\t\t\t\t\t\t<div class=\"elementor-inner\">\n\t\t\t\t\t\t\t<div class=\"elementor-section-wrap\">\n\t\t\t\t\t\t\t<section class=\"elementor-section elementor-top-section elementor-element elementor-element-bc5b487 elementor-section-boxed elementor-section-height-default elementor-section-height-default\" data-id=\"bc5b487\" data-element_type=\"section\">\n\t\t\t\t\t\t<div class=\"elementor-container elementor-column-gap-default\">\n\t\t\t\t\t\t\t<div class=\"elementor-row\">\n\t\t\t\t\t<div class=\"elementor-column elementor-col-100 elementor-top-column elementor-element elementor-element-fa280ff\" data-id=\"fa280ff\" data-element_type=\"column\">\n\t\t\t<div class=\"elementor-column-wrap elementor-element-populated\">\n\t\t\t\t\t\t\t<div class=\"elementor-widget-wrap\">\n\t\t\t\t\t\t<div class=\"elementor-element elementor-element-2878322 elementor-widget elementor-widget-text-editor\" data-id=\"2878322\" data-element_type=\"widget\" data-widget_type=\"text-editor.default\">\n\t\t\t\t<div class=\"elementor-widget-container\">\n\t\t\t\t\t\t\t\t<div class=\"elementor-text-editor elementor-clearfix\">\n\t\t\t\t<p style=\"text-align: center;\"><span style=\"color: #339966; font-family: georgia, palatino, serif; font-size: 32px;\"><strong>Aula Magna 2020<\/strong><\/span><\/p>\t\t\t\t\t<\/div>\n\t\t\t\t\t\t<\/div>\n\t\t\t\t<\/div>\n\t\t\t\t\t\t<\/div>\n\t\t\t\t\t<\/div>\n\t\t<\/div>\n\t\t\t\t\t\t\t\t<\/div>\n\t\t\t\t\t<\/div>\n\t\t<\/section>\n\t\t\t\t<section class=\"elementor-section elementor-top-section elementor-element elementor-element-3dd3d07 elementor-section-full_width elementor-section-height-min-height elementor-section-height-default elementor-section-items-middle\" data-id=\"3dd3d07\" data-element_type=\"section\">\n\t\t\t\t\t\t<div class=\"elementor-container elementor-column-gap-extended\">\n\t\t\t\t\t\t\t<div class=\"elementor-row\">\n\t\t\t\t\t<div class=\"elementor-column elementor-col-66 elementor-top-column elementor-element elementor-element-09ed462\" data-id=\"09ed462\" data-element_type=\"column\">\n\t\t\t<div class=\"elementor-column-wrap elementor-element-populated\">\n\t\t\t\t\t\t\t<div class=\"elementor-widget-wrap\">\n\t\t\t\t\t\t<section class=\"elementor-section elementor-inner-section elementor-element elementor-element-b1f4a2c elementor-section-full_width elementor-section-height-default elementor-section-height-default\" data-id=\"b1f4a2c\" data-element_type=\"section\">\n\t\t\t\t\t\t<div class=\"elementor-container elementor-column-gap-extended\">\n\t\t\t\t\t\t\t<div class=\"elementor-row\">\n\t\t\t\t\t<div class=\"elementor-column elementor-col-100 elementor-inner-column elementor-element elementor-element-6e0d4be\" data-id=\"6e0d4be\" data-element_type=\"column\">\n\t\t\t<div class=\"elementor-column-wrap elementor-element-populated\">\n\t\t\t\t\t\t\t<div class=\"elementor-widget-wrap\">\n\t\t\t\t\t\t<div class=\"elementor-element elementor-element-129b69a elementor-widget elementor-widget-text-editor\" data-id=\"129b69a\" data-element_type=\"widget\" data-widget_type=\"text-editor.default\">\n\t\t\t\t<div class=\"elementor-widget-container\">\n\t\t\t\t\t\t\t\t<div class=\"elementor-text-editor elementor-clearfix\">\n\t\t\t\t<p><span style=\"font-family: georgia, palatino, serif; font-size: 16px; color: #000000;\">A AULA MAGNA DA P\u00d3S-GRADUA\u00c7\u00c3O \u00e9 um evento sem fins lucrativos, realizado anualmente pelo NAPG\/ICB para marcar o in\u00edcio das atividades acad\u00eamicas de todos os Programas de P\u00f3s-Gradua\u00e7\u00e3o do ICB. O evento traz sempre expoentes de renome para discuss\u00e3o de temas relevantes da atualidade. A AULA MAGNA \u00e9 aberta a toda a comunidade acad\u00eamica da UFMG e tamb\u00e9m aos interessados de outras institui\u00e7\u00f5es e sociedade em geral. Neste ano o evento ser\u00e1 no dia 12 de mar\u00e7o no Centro de Atividades Did\u00e1ticas 1 (CAD1) do Campus Pampulha da UFMG, \u00e0s 14 horas.<\/span><\/p>\t\t\t\t\t<\/div>\n\t\t\t\t\t\t<\/div>\n\t\t\t\t<\/div>\n\t\t\t\t\t\t<\/div>\n\t\t\t\t\t<\/div>\n\t\t<\/div>\n\t\t\t\t\t\t\t\t<\/div>\n\t\t\t\t\t<\/div>\n\t\t<\/section>\n\t\t\t\t<section class=\"elementor-section elementor-inner-section elementor-element elementor-element-594a43e elementor-section-full_width elementor-section-height-default elementor-section-height-default\" data-id=\"594a43e\" data-element_type=\"section\">\n\t\t\t\t\t\t<div class=\"elementor-container elementor-column-gap-extended\">\n\t\t\t\t\t\t\t<div class=\"elementor-row\">\n\t\t\t\t\t<div class=\"elementor-column elementor-col-50 elementor-inner-column elementor-element elementor-element-68fabbe\" data-id=\"68fabbe\" data-element_type=\"column\">\n\t\t\t<div class=\"elementor-column-wrap elementor-element-populated\">\n\t\t\t\t\t\t\t<div class=\"elementor-widget-wrap\">\n\t\t\t\t\t\t<div class=\"elementor-element elementor-element-f5501b5 elementor-widget elementor-widget-image\" data-id=\"f5501b5\" data-element_type=\"widget\" data-widget_type=\"image.default\">\n\t\t\t\t<div class=\"elementor-widget-container\">\n\t\t\t\t\t\t\t\t<div class=\"elementor-image\">\n\t\t\t\t\t\t\t\t\t\t\t\t<img decoding=\"async\" width=\"182\" height=\"243\" src=\"https:\/\/www2.icb.ufmg.br\/napg\/wp-content\/uploads\/2021\/07\/images-e1689008701902.jpg\" class=\"attachment-full size-full\" alt=\"\" loading=\"lazy\" \/>\t\t\t\t\t\t\t\t\t\t\t\t\t\t<\/div>\n\t\t\t\t\t\t<\/div>\n\t\t\t\t<\/div>\n\t\t\t\t\t\t<\/div>\n\t\t\t\t\t<\/div>\n\t\t<\/div>\n\t\t\t\t<div class=\"elementor-column elementor-col-50 elementor-inner-column elementor-element elementor-element-db38efd\" data-id=\"db38efd\" data-element_type=\"column\">\n\t\t\t<div class=\"elementor-column-wrap elementor-element-populated\">\n\t\t\t\t\t\t\t<div class=\"elementor-widget-wrap\">\n\t\t\t\t\t\t<div class=\"elementor-element elementor-element-203cbfd elementor-widget elementor-widget-text-editor\" data-id=\"203cbfd\" data-element_type=\"widget\" data-widget_type=\"text-editor.default\">\n\t\t\t\t<div class=\"elementor-widget-container\">\n\t\t\t\t\t\t\t\t<div class=\"elementor-text-editor elementor-clearfix\">\n\t\t\t\t<p style=\"font-weight: 400;\"><span style=\"font-weight: var( --e-global-typography-text-font-weight ); font-family: georgia, palatino, serif; font-size: 16px; color: #000000;\">O tema da Aula Magna de 2020 ser\u00e1 \u201cMudan\u00e7as Clim\u00e1ticas e o Futuro das Florestas Tropicais\u201d.<\/span><\/p>\n<p style=\"font-weight: 400;\"><span style=\"font-size: 16px; font-family: georgia, palatino, serif; color: #000000;\">O Prof. Jos Barlow do Departamento de Ci\u00eancia da Conserva\u00e7\u00e3o da Universidade de Lancaster no Reino Unido e editor chefe da revista <i>Journal of Applied Ecology<\/i>\u00a0falar\u00e1 sobre suas pesquisas que buscam quantificar os impactos das mudan\u00e7as clim\u00e1ticas sobre a biodiversidade das florestas tropicais e sobre o desenvolvimento de ferramentas para predi\u00e7\u00e3o do futuro destas florestas e estrat\u00e9gias para a conserva\u00e7\u00e3o e o manejo florestal.(A palestra ser\u00e1 ministrada em portugu\u00eas).<\/span><\/p>\t\t\t\t\t<\/div>\n\t\t\t\t\t\t<\/div>\n\t\t\t\t<\/div>\n\t\t\t\t\t\t<\/div>\n\t\t\t\t\t<\/div>\n\t\t<\/div>\n\t\t\t\t\t\t\t\t<\/div>\n\t\t\t\t\t<\/div>\n\t\t<\/section>\n\t\t\t\t<section class=\"elementor-section elementor-inner-section elementor-element elementor-element-53eb164 elementor-section-full_width elementor-section-height-min-height elementor-section-height-default\" data-id=\"53eb164\" data-element_type=\"section\">\n\t\t\t\t\t\t<div class=\"elementor-container elementor-column-gap-extended\">\n\t\t\t\t\t\t\t<div class=\"elementor-row\">\n\t\t\t\t\t<div class=\"elementor-column elementor-col-100 elementor-inner-column elementor-element elementor-element-521be6f\" data-id=\"521be6f\" data-element_type=\"column\">\n\t\t\t<div class=\"elementor-column-wrap elementor-element-populated\">\n\t\t\t\t\t\t\t<div class=\"elementor-widget-wrap\">\n\t\t\t\t\t\t<div class=\"elementor-element elementor-element-1487223 elementor-widget elementor-widget-text-editor\" data-id=\"1487223\" data-element_type=\"widget\" data-widget_type=\"text-editor.default\">\n\t\t\t\t<div class=\"elementor-widget-container\">\n\t\t\t\t\t\t\t\t<div class=\"elementor-text-editor elementor-clearfix\">\n\t\t\t\t\t\t\t\t\t<\/div>\n\t\t\t\t\t\t<\/div>\n\t\t\t\t<\/div>\n\t\t\t\t<div class=\"elementor-element elementor-element-730f9ab elementor-widget elementor-widget-text-editor\" data-id=\"730f9ab\" data-element_type=\"widget\" data-widget_type=\"text-editor.default\">\n\t\t\t\t<div class=\"elementor-widget-container\">\n\t\t\t\t\t\t\t\t<div class=\"elementor-text-editor elementor-clearfix\">\n\t\t\t\t<p><span style=\"font-family: georgia, palatino, serif; font-size: 24px; color: #339966;\"><strong>\u00a0Programa\u00e7\u00e3o do evento:<\/strong><\/span><\/p>\n<p><span style=\"font-family: verdana, geneva, sans-serif; font-size: 16px; color: #000000;\"><strong>\u00a0<\/strong><span style=\"text-align: justify; font-family: georgia, palatino, serif;\">12 de Mar\u00e7o de 2020 \u2013 CAD 1 UFMG (Pampulha)<\/span><\/span><\/p>\n<p class=\"MsoNormal\" style=\"text-align: justify; text-justify: inter-ideograph;\" align=\"justify\"><span style=\"font-family: georgia, palatino, serif; font-size: 16px; color: #000000;\">13:45- 14:00h Recep\u00e7\u00e3o dos participantes<\/span><\/p>\n<p class=\"MsoNormal\" style=\"text-align: justify; text-justify: inter-ideograph;\" align=\"justify\"><span style=\"font-family: georgia, palatino, serif; font-size: 16px; color: #000000;\">Incluindo apresenta\u00e7\u00e3o musical <\/span><\/p>\n<p class=\"MsoNormal\" style=\"text-align: justify; text-justify: inter-ideograph;\" align=\"justify\"><span style=\"font-family: georgia, palatino, serif; font-size: 16px; color: #000000;\">14:00-14:30h Cerim\u00f4nia de Abertura<\/span><\/p>\n<p class=\"MsoNormal\" style=\"text-align: justify; text-justify: inter-ideograph;\" align=\"justify\"><span style=\"font-family: georgia, palatino, serif; font-size: 16px; color: #000000;\">14:30-15:30h Palestra Magna: &#8220;Mudan\u00e7as Globais e o futuro das florestas tropicais\u201d<\/span><\/p>\n<p class=\"MsoNormal\" style=\"text-align: justify; text-justify: inter-ideograph;\" align=\"justify\">\u00a0<\/p>\n<p class=\"MsoNormal\"><span style=\"font-family: georgia, palatino, serif; font-size: 16px; color: #000000;\">15:30-16:00h Conversa do Prof Jos Barlow com a plateia<\/span><\/p>\n<p class=\"MsoNormal\"><span style=\"font-family: georgia, palatino, serif; font-size: 16px;\"><span style=\"color: #000000;\">16:00- 16:30h Encerramento<br \/><br \/><\/span><span style=\"color: #000000; font-weight: var( --e-global-typography-text-font-weight );\">Agradecimentos e sorteio de brindes para os presentes<br \/><\/span><\/span><\/p>\n<p class=\"MsoNormal\" style=\"text-align: justify; text-justify: inter-ideograph;\" align=\"justify\"><span style=\"font-family: georgia, palatino, serif; color: #000000; font-size: 16px;\">As Inscri\u00e7\u00f5es poder\u00e3o ser feitas pelo link: \u00a0\u00a0https:\/\/bit.ly\/2QryTPY<\/span><\/p>\n<p class=\"MsoNormal\" style=\"text-align: justify; text-justify: inter-ideograph;\" align=\"justify\"><span style=\"font-family: georgia, palatino, serif; color: #000000; font-size: 16px;\">O evento \u00e9 gratuito e haver\u00e1 emiss\u00e3o de certificado para os participantes presentes.\u00a0\u00a0<\/span><\/p>\t\t\t\t\t<\/div>\n\t\t\t\t\t\t<\/div>\n\t\t\t\t<\/div>\n\t\t\t\t\t\t<\/div>\n\t\t\t\t\t<\/div>\n\t\t<\/div>\n\t\t\t\t\t\t\t\t<\/div>\n\t\t\t\t\t<\/div>\n\t\t<\/section>\n\t\t\t\t<div class=\"elementor-element elementor-element-3fa9f70 elementor-widget elementor-widget-text-editor\" data-id=\"3fa9f70\" data-element_type=\"widget\" data-widget_type=\"text-editor.default\">\n\t\t\t\t<div class=\"elementor-widget-container\">\n\t\t\t\t\t\t\t\t<div class=\"elementor-text-editor elementor-clearfix\">\n\t\t\t\t<p class=\"MsoNormal\" style=\"text-align: justify; text-justify: inter-ideograph;\" align=\"justify\">\u00a0<\/p>\n<p align=\"justify\">\u00a0<\/p>\t\t\t\t\t<\/div>\n\t\t\t\t\t\t<\/div>\n\t\t\t\t<\/div>\n\t\t\t\t\t\t<\/div>\n\t\t\t\t\t<\/div>\n\t\t<\/div>\n\t\t\t\t<div class=\"elementor-column elementor-col-33 elementor-top-column elementor-element elementor-element-7b44449\" data-id=\"7b44449\" data-element_type=\"column\">\n\t\t\t<div class=\"elementor-column-wrap elementor-element-populated\">\n\t\t\t\t\t\t\t<div class=\"elementor-widget-wrap\">\n\t\t\t\t\t\t<div class=\"elementor-element elementor-element-17ffdd1 elementor-widget elementor-widget-sidebar\" data-id=\"17ffdd1\" data-element_type=\"widget\" data-widget_type=\"sidebar.default\">\n\t\t\t\t<div class=\"elementor-widget-container\">\n\t\t\t<section id=\"search-2\" class=\"widget widget_search\">\n<form role=\"search\" method=\"get\" class=\"search-form\" autocomplete=\"off\" action=\"https:\/\/www2.icb.ufmg.br\/napg\/\">\n    <label>\n\t<span class=\"screen-reader-text\">Search for:<\/span>\n\t<input type=\"search\" class=\"search-field\" placeholder=\"Search &hellip;\" value=\"\" name=\"s\" title=\"Search for:\" \/>\n    <\/label>\n    <input type=\"submit\" class=\"search-submit\" value=\"\"><span class=\"screen-reader-text\">Search<\/span>\n<\/form><\/section><section id=\"categories-9\" class=\"widget widget_categories\"><h2 class=\"widget-title\">Categoria<\/h2>\n\t\t\t<ul>\n\t\t\t\t\t<li class=\"cat-item cat-item-42\"><a href=\"https:\/\/www2.icb.ufmg.br\/napg\/?cat=42\">Entreterimento &#8211; Espa\u00e7o teenager<\/a>\n<\/li>\n\t<li class=\"cat-item cat-item-12\"><a href=\"https:\/\/www2.icb.ufmg.br\/napg\/?cat=12\">Eventos NAPG<\/a>\n<\/li>\n\t<li class=\"cat-item cat-item-15\"><a href=\"https:\/\/www2.icb.ufmg.br\/napg\/?cat=15\">Nossa Galeria<\/a>\n<\/li>\n\t<li class=\"cat-item cat-item-18\"><a href=\"https:\/\/www2.icb.ufmg.br\/napg\/?cat=18\">Nossos n\u00fameros<\/a>\n<\/li>\n\t<li class=\"cat-item cat-item-11\"><a href=\"https:\/\/www2.icb.ufmg.br\/napg\/?cat=11\">Nossos v\u00eddeos<\/a>\n<\/li>\n\t<li class=\"cat-item cat-item-10\"><a href=\"https:\/\/www2.icb.ufmg.br\/napg\/?cat=10\">Not\u00edcias<\/a>\n<\/li>\n\t<li class=\"cat-item cat-item-1\"><a href=\"https:\/\/www2.icb.ufmg.br\/napg\/?cat=1\">Sem categoria<\/a>\n<\/li>\n\t\t\t<\/ul>\n\n\t\t\t<\/section>\t\t<\/div>\n\t\t\t\t<\/div>\n\t\t\t\t\t\t<\/div>\n\t\t\t\t\t<\/div>\n\t\t<\/div>\n\t\t\t\t\t\t\t\t<\/div>\n\t\t\t\t\t<\/div>\n\t\t<\/section>\n\t\t\t\t<section class=\"elementor-section elementor-top-section elementor-element elementor-element-f4b536c elementor-section-full_width elementor-section-height-min-height elementor-section-height-default elementor-section-items-middle\" data-id=\"f4b536c\" data-element_type=\"section\">\n\t\t\t\t\t\t<div class=\"elementor-container elementor-column-gap-extended\">\n\t\t\t\t\t\t\t<div class=\"elementor-row\">\n\t\t\t\t\t<div class=\"elementor-column elementor-col-100 elementor-top-column elementor-element elementor-element-37612f8\" data-id=\"37612f8\" data-element_type=\"column\">\n\t\t\t<div class=\"elementor-column-wrap elementor-element-populated\">\n\t\t\t\t\t\t\t<div class=\"elementor-widget-wrap\">\n\t\t\t\t\t\t<div class=\"elementor-element elementor-element-57db32bf elementor-widget elementor-widget-text-editor\" data-id=\"57db32bf\" data-element_type=\"widget\" data-widget_type=\"text-editor.default\">\n\t\t\t\t<div class=\"elementor-widget-container\">\n\t\t\t\t\t\t\t\t<div class=\"elementor-text-editor elementor-clearfix\">\n\t\t\t\t<p><span style=\"color: #000000; font-family: georgia, palatino, serif;\"><img decoding=\"async\" loading=\"lazy\" class=\"wp-image-2127\" src=\"https:\/\/www2.icb.ufmg.br\/napg\/wp-content\/uploads\/2018\/08\/old-telephone1-1.png\" alt=\"\" width=\"17\" height=\"17\" \/><span style=\"font-size: 14px;\">\u00a0(31) 3409-2522<\/span><\/span><br \/><span style=\"color: #000000; font-family: georgia, palatino, serif; font-size: 14px;\"><img decoding=\"async\" loading=\"lazy\" class=\"wp-image-2126\" src=\"https:\/\/www2.icb.ufmg.br\/napg\/wp-content\/uploads\/2018\/08\/black-back-closed-envelope-shape.png\" alt=\"\" width=\"15\" height=\"15\" \/>\u00a0napg@icb.ufmg.br<\/span><br \/><span style=\"color: #000000; font-family: georgia, palatino, serif; font-size: 14px;\"><img decoding=\"async\" loading=\"lazy\" class=\"wp-image-2125\" src=\"https:\/\/www2.icb.ufmg.br\/napg\/wp-content\/uploads\/2018\/08\/locating.png\" alt=\"\" width=\"18\" height=\"18\" \/>Av. Ant\u00f4nio Carlos,\u00a0 6627 &#8211; ICB &#8211; Bloco F &#8211; 1\u00ba andar &#8211; Sala 70 &#8211; UFMG &#8211; Pampulha &#8211; 31270-901 &#8211; BH\/MG.<\/span><br \/><span style=\"color: #000000; font-family: georgia, palatino, serif; font-size: 14px;\"><img decoding=\"async\" loading=\"lazy\" class=\"alignleft wp-image-2143\" src=\"https:\/\/www2.icb.ufmg.br\/napg\/wp-content\/uploads\/2018\/08\/car-fill-from-frontal-view.png\" alt=\"\" width=\"20\" height=\"20\" \/><a style=\"color: #000000;\" href=\"https:\/\/www2.icb.ufmg.br\/napg\/index.php\/2018\/08\/24\/como-chegar\/\">Como Chegar<\/a><\/span><\/p>\n<p><span style=\"color: #000000; font-family: georgia, palatino, serif; font-size: 14px;\">Hor\u00e1rio de Atendimento: de segunda a sexta-feira das 8h \u00e0s 11h30 &#8211; 14h \u00e0s 16h<\/span><\/p>\t\t\t\t\t<\/div>\n\t\t\t\t\t\t<\/div>\n\t\t\t\t<\/div>\n\t\t\t\t\t\t<\/div>\n\t\t\t\t\t<\/div>\n\t\t<\/div>\n\t\t\t\t\t\t\t\t<\/div>\n\t\t\t\t\t<\/div>\n\t\t<\/section>\n\t\t\t\t\t\t<\/div>\n\t\t\t\t\t\t<\/div>\n\t\t\t\t\t<\/div>\n\t\t","protected":false},"excerpt":{"rendered":"<p>Aula Magna 2020 A AULA MAGNA DA P\u00d3S-GRADUA\u00c7\u00c3O \u00e9 um evento sem fins lucrativos, realizado anualmente pelo NAPG\/ICB para marcar o in\u00edcio das atividades acad\u00eamicas de todos os Programas de P\u00f3s-Gradua\u00e7\u00e3o do ICB. O evento traz sempre expoentes de renome para discuss\u00e3o de temas relevantes da atualidade. A AULA MAGNA \u00e9 aberta a toda a comunidade acad\u00eamica da UFMG e tamb\u00e9m aos interessados de outras institui\u00e7\u00f5es e sociedade em geral. Neste ano o evento ser\u00e1 no dia 12 de mar\u00e7o no Centro de Atividades Did\u00e1ticas 1 (CAD1) do Campus Pampulha da UFMG, \u00e0s 14 horas. O tema da Aula Magna <a href=\"https:\/\/www2.icb.ufmg.br\/napg\/?p=6196\" class=\"more-link\">Read More<\/a><\/p>\n","protected":false},"author":1,"featured_media":0,"comment_status":"open","ping_status":"open","sticky":false,"template":"elementor_header_footer","format":"standard","meta":[],"categories":[12,10],"tags":[],"_links":{"self":[{"href":"https:\/\/www2.icb.ufmg.br\/napg\/index.php?rest_route=\/wp\/v2\/posts\/6196"}],"collection":[{"href":"https:\/\/www2.icb.ufmg.br\/napg\/index.php?rest_route=\/wp\/v2\/posts"}],"about":[{"href":"https:\/\/www2.icb.ufmg.br\/napg\/index.php?rest_route=\/wp\/v2\/types\/post"}],"author":[{"embeddable":true,"href":"https:\/\/www2.icb.ufmg.br\/napg\/index.php?rest_route=\/wp\/v2\/users\/1"}],"replies":[{"embeddable":true,"href":"https:\/\/www2.icb.ufmg.br\/napg\/index.php?rest_route=%2Fwp%2Fv2%2Fcomments&post=6196"}],"version-history":[{"count":118,"href":"https:\/\/www2.icb.ufmg.br\/napg\/index.php?rest_route=\/wp\/v2\/posts\/6196\/revisions"}],"predecessor-version":[{"id":21777,"href":"https:\/\/www2.icb.ufmg.br\/napg\/index.php?rest_route=\/wp\/v2\/posts\/6196\/revisions\/21777"}],"wp:attachment":[{"href":"https:\/\/www2.icb.ufmg.br\/napg\/index.php?rest_route=%2Fwp%2Fv2%2Fmedia&parent=6196"}],"wp:term":[{"taxonomy":"category","embeddable":true,"href":"https:\/\/www2.icb.ufmg.br\/napg\/index.php?rest_route=%2Fwp%2Fv2%2Fcategories&post=6196"},{"taxonomy":"post_tag","embeddable":true,"href":"https:\/\/www2.icb.ufmg.br\/napg\/index.php?rest_route=%2Fwp%2Fv2%2Ftags&post=6196"}],"curies":[{"name":"wp","href":"https:\/\/api.w.org\/{rel}","templated":true}]}}