{"id":4123,"date":"2019-05-10T15:11:56","date_gmt":"2019-05-10T18:11:56","guid":{"rendered":"http:\/\/www2.icb.ufmg.br\/napg\/?p=4123"},"modified":"2022-11-24T11:27:07","modified_gmt":"2022-11-24T14:27:07","slug":"elementor-4123","status":"publish","type":"post","link":"https:\/\/www2.icb.ufmg.br\/napg\/?p=4123","title":{"rendered":"2019.2 &#8211; Matr\u00edcula abertas Disciplinas T\u00f3picos Transversais da P\u00f3s-Gradua\u00e7\u00e3o NAPG\/ICB"},"content":{"rendered":"\t\t<div data-elementor-type=\"wp-post\" data-elementor-id=\"4123\" class=\"elementor elementor-4123\" data-elementor-settings=\"[]\">\n\t\t\t\t\t\t<div class=\"elementor-inner\">\n\t\t\t\t\t\t\t<div class=\"elementor-section-wrap\">\n\t\t\t\t\t\t\t<section class=\"elementor-section elementor-top-section elementor-element elementor-element-3f8b43f6 elementor-section-full_width elementor-section-height-min-height elementor-section-items-top elementor-section-content-top elementor-section-height-default\" data-id=\"3f8b43f6\" data-element_type=\"section\">\n\t\t\t\t\t\t<div class=\"elementor-container elementor-column-gap-extended\">\n\t\t\t\t\t\t\t<div class=\"elementor-row\">\n\t\t\t\t\t<div class=\"elementor-column elementor-col-100 elementor-top-column elementor-element elementor-element-4e6061a4\" data-id=\"4e6061a4\" data-element_type=\"column\">\n\t\t\t<div class=\"elementor-column-wrap elementor-element-populated\">\n\t\t\t\t\t\t\t<div class=\"elementor-widget-wrap\">\n\t\t\t\t\t\t<div class=\"elementor-element elementor-element-5c20709 elementor-widget elementor-widget-text-editor\" data-id=\"5c20709\" data-element_type=\"widget\" data-widget_type=\"text-editor.default\">\n\t\t\t\t<div class=\"elementor-widget-container\">\n\t\t\t\t\t\t\t\t<div class=\"elementor-text-editor elementor-clearfix\">\n\t\t\t\t<p style=\"text-align: center;\"><span style=\"font-family: verdana, geneva, sans-serif; font-size: 32px; color: #339966;\"><strong>Disciplinas T\u00f3picos Transversais 2019.2<\/strong><\/span><\/p>\t\t\t\t\t<\/div>\n\t\t\t\t\t\t<\/div>\n\t\t\t\t<\/div>\n\t\t\t\t\t\t<\/div>\n\t\t\t\t\t<\/div>\n\t\t<\/div>\n\t\t\t\t\t\t\t\t<\/div>\n\t\t\t\t\t<\/div>\n\t\t<\/section>\n\t\t\t\t<section class=\"elementor-section elementor-top-section elementor-element elementor-element-16c33db7 elementor-section-full_width elementor-section-height-min-height elementor-section-items-top elementor-section-content-top elementor-section-stretched elementor-section-height-default\" data-id=\"16c33db7\" data-element_type=\"section\" data-settings=\"{&quot;stretch_section&quot;:&quot;section-stretched&quot;}\">\n\t\t\t\t\t\t<div class=\"elementor-container elementor-column-gap-extended\">\n\t\t\t\t\t\t\t<div class=\"elementor-row\">\n\t\t\t\t\t<div class=\"elementor-column elementor-col-50 elementor-top-column elementor-element elementor-element-2dda4908\" data-id=\"2dda4908\" data-element_type=\"column\">\n\t\t\t<div class=\"elementor-column-wrap elementor-element-populated\">\n\t\t\t\t\t\t\t<div class=\"elementor-widget-wrap\">\n\t\t\t\t\t\t<div class=\"elementor-element elementor-element-795a823 elementor-widget elementor-widget-text-editor\" data-id=\"795a823\" data-element_type=\"widget\" data-widget_type=\"text-editor.default\">\n\t\t\t\t<div class=\"elementor-widget-container\">\n\t\t\t\t\t\t\t\t<div class=\"elementor-text-editor elementor-clearfix\">\n\t\t\t\t<p style=\"text-align: justify;\"><span style=\"font-family: verdana, geneva, sans-serif; font-size: 16px; color: #000000;\">Dia 24 de junho iniciam as matr\u00edculas para o 2\u00ba per\u00edodo letivo de 2019 das<strong> Disciplinas T\u00f3picos Transversais da P\u00f3s-Gradua\u00e7\u00e3o.<\/strong><\/span><\/p>\n<p style=\"text-align: justify;\"><span style=\"font-family: verdana, geneva, sans-serif; font-size: 16px; color: #000000;\"><!-- \/wp:paragraph --><!-- wp:paragraph --><\/span><\/p>\n<p style=\"text-align: justify;\"><span style=\"font-family: verdana, geneva, sans-serif; font-size: 16px; color: #000000;\">Este semestre ser\u00e3o ofertadas disciplinas pelo programas de P\u00f3s-Gradua\u00e7\u00e3o em Gen\u00e9tica, Biologia Celular, Bioinform\u00e1tica, Bioqu\u00edmica e Imunologia.<\/span><\/p>\n<p style=\"text-align: justify;\"><span style=\"font-family: verdana, geneva, sans-serif; font-size: 16px; color: #000000;\"><!-- \/wp:paragraph --><!-- wp:paragraph --><\/span><\/p>\n<p style=\"text-align: justify;\"><span style=\"font-family: verdana, geneva, sans-serif; font-size: 16px; color: #000000;\">Os alunos da<strong> gradua\u00e7\u00e3o<\/strong> podem se matricular <strong>do dia 11 a 15 de julho<\/strong>. J\u00e1 os alunos da p\u00f3s-gradua\u00e7\u00e3o t\u00eam <strong>do dia 24 de junho a 13 de julho<\/strong>, de acordo com o calend\u00e1rio de cada programa.<\/span><\/p>\n<p style=\"text-align: justify;\"><span style=\"font-family: verdana, geneva, sans-serif; font-size: 16px; color: #000000;\"><!-- \/wp:paragraph --><!-- wp:paragraph --><\/span><\/p>\n<p style=\"text-align: justify;\"><span style=\"font-family: verdana, geneva, sans-serif; font-size: 16px; color: #000000;\"><strong>Aten\u00e7\u00e3o ao seu calend\u00e1rio<\/strong><\/span><\/p>\n<p style=\"text-align: justify;\"><span style=\"font-family: verdana, geneva, sans-serif; font-size: 16px; color: #000000;\"><!-- \/wp:paragraph --><!-- wp:paragraph --><\/span><\/p>\n<p style=\"text-align: justify;\"><span style=\"font-family: verdana, geneva, sans-serif; font-size: 16px; color: #000000;\"><strong>Para se matricula<\/strong>r, basta acessar o portal<strong>\u00a0 <\/strong><a style=\"color: #000000;\" href=\"https:\/\/sistemas.ufmg.br\/idp\/login.jsp\"><strong>Minha UFMG<\/strong><\/a><\/span><\/p>\n<p style=\"text-align: justify;\"><span style=\"font-family: verdana, geneva, sans-serif; font-size: 16px; color: #000000;\"><!-- \/wp:paragraph --><!-- wp:paragraph --><\/span><\/p>\n<p style=\"text-align: justify;\"><span style=\"font-family: verdana, geneva, sans-serif; font-size: 16px; color: #000000;\"><strong>Mais informa\u00e7\u00f5es: Para visualizar as disciplinas ofertadas <\/strong><a style=\"color: #000000;\" href=\"https:\/\/www2.icb.ufmg.br\/napg\/wp-content\/uploads\/2019\/08\/Disciplinas-Tranversais-oferecidas-em-2019-2\u00ba.pdf\">clique aqui<\/a>.<\/span><\/p>\t\t\t\t\t<\/div>\n\t\t\t\t\t\t<\/div>\n\t\t\t\t<\/div>\n\t\t\t\t\t\t<\/div>\n\t\t\t\t\t<\/div>\n\t\t<\/div>\n\t\t\t\t<div class=\"elementor-column elementor-col-50 elementor-top-column elementor-element elementor-element-374fa5cd\" data-id=\"374fa5cd\" data-element_type=\"column\">\n\t\t\t<div class=\"elementor-column-wrap elementor-element-populated\">\n\t\t\t\t\t\t\t<div class=\"elementor-widget-wrap\">\n\t\t\t\t\t\t\t\t<\/div>\n\t\t\t\t\t<\/div>\n\t\t<\/div>\n\t\t\t\t\t\t\t\t<\/div>\n\t\t\t\t\t<\/div>\n\t\t<\/section>\n\t\t\t\t<section class=\"elementor-section elementor-top-section elementor-element elementor-element-381bbd51 elementor-section-full_width elementor-section-height-min-height elementor-section-items-top elementor-section-content-top elementor-section-height-default\" data-id=\"381bbd51\" data-element_type=\"section\" data-settings=\"{&quot;background_background&quot;:&quot;classic&quot;}\">\n\t\t\t\t\t\t<div class=\"elementor-container elementor-column-gap-extended\">\n\t\t\t\t\t\t\t<div class=\"elementor-row\">\n\t\t\t\t\t<div class=\"elementor-column elementor-col-100 elementor-top-column elementor-element elementor-element-7e184889\" data-id=\"7e184889\" data-element_type=\"column\">\n\t\t\t<div class=\"elementor-column-wrap elementor-element-populated\">\n\t\t\t\t\t\t\t<div class=\"elementor-widget-wrap\">\n\t\t\t\t\t\t<div class=\"elementor-element elementor-element-23cfd044 elementor-widget elementor-widget-text-editor\" data-id=\"23cfd044\" data-element_type=\"widget\" data-widget_type=\"text-editor.default\">\n\t\t\t\t<div class=\"elementor-widget-container\">\n\t\t\t\t\t\t\t\t<div class=\"elementor-text-editor elementor-clearfix\">\n\t\t\t\t<p><span style=\"font-family: verdana, geneva, sans-serif;\"><strong><span style=\"color: #339966;\"><img decoding=\"async\" loading=\"lazy\" class=\"wp-image-2127\" src=\"https:\/\/www2.icb.ufmg.br\/napg\/wp-content\/uploads\/2018\/08\/old-telephone1-1.png\" alt=\"\" width=\"17\" height=\"17\" \/><\/span><\/strong><span style=\"color: #000000;\">\u00a0(31) 3409-2522<\/span><\/span><br \/><span style=\"color: #000000; font-family: verdana, geneva, sans-serif;\"><img decoding=\"async\" loading=\"lazy\" class=\"wp-image-2126\" src=\"https:\/\/www2.icb.ufmg.br\/napg\/wp-content\/uploads\/2018\/08\/black-back-closed-envelope-shape.png\" alt=\"\" width=\"15\" height=\"15\" \/>\u00a0napg@icb.ufmg.br<\/span><br \/><span style=\"color: #000000; font-family: verdana, geneva, sans-serif;\"><img decoding=\"async\" loading=\"lazy\" class=\"wp-image-2125\" src=\"https:\/\/www2.icb.ufmg.br\/napg\/wp-content\/uploads\/2018\/08\/locating.png\" alt=\"\" width=\"18\" height=\"18\" \/>Av. Ant\u00f4nio Carlos,\u00a0 6627 &#8211; ICB &#8211; Bloco F &#8211; 1\u00ba andar &#8211; Sala 70 &#8211; UFMG &#8211; Pampulha &#8211; 31270-901 &#8211; BH\/MG.<\/span><br \/><span style=\"color: #000000; font-family: verdana, geneva, sans-serif;\"><img decoding=\"async\" loading=\"lazy\" class=\"alignleft wp-image-2143\" src=\"https:\/\/www2.icb.ufmg.br\/napg\/wp-content\/uploads\/2018\/08\/car-fill-from-frontal-view.png\" alt=\"\" width=\"20\" height=\"20\" \/><a style=\"color: #000000;\" href=\"https:\/\/www2.icb.ufmg.br\/napg\/index.php\/2018\/08\/24\/como-chegar\/\">Como Chegar<\/a><\/span><\/p>\n<p><span style=\"color: #000000; font-family: verdana, geneva, sans-serif;\">Hor\u00e1rio de Atendimento: de segunda a sexta-feira das 8h \u00e0s 11h30 &#8211; 14h \u00e0s 16h<\/span><\/p>\t\t\t\t\t<\/div>\n\t\t\t\t\t\t<\/div>\n\t\t\t\t<\/div>\n\t\t\t\t\t\t<\/div>\n\t\t\t\t\t<\/div>\n\t\t<\/div>\n\t\t\t\t\t\t\t\t<\/div>\n\t\t\t\t\t<\/div>\n\t\t<\/section>\n\t\t\t\t\t\t<\/div>\n\t\t\t\t\t\t<\/div>\n\t\t\t\t\t<\/div>\n\t\t","protected":false},"excerpt":{"rendered":"<p>Disciplinas T\u00f3picos Transversais 2019.2Dia 24 de junho iniciam as matr\u00edculas para o 2\u00ba per\u00edodo letivo de 2019 das Disciplinas T\u00f3picos Transversais da P\u00f3s-Gradua\u00e7\u00e3o. Este semestre ser\u00e3o ofertadas disciplinas pelo programas de P\u00f3s-Gradua\u00e7\u00e3o em Gen\u00e9tica, Biologia Celular, Bioinform\u00e1tica, Bioqu\u00edmica e Imunologia. Os alunos da gradua\u00e7\u00e3o podem se matricular do dia 11 a 15 de julho. J\u00e1 os alunos da p\u00f3s-gradua\u00e7\u00e3o t\u00eam do dia 24 de junho a 13 de julho, de acordo com o calend\u00e1rio de cada programa. Aten\u00e7\u00e3o ao seu calend\u00e1rio Para se matricular, basta acessar o portal Minha UFMG Mais informa\u00e7\u00f5es: Para visualizar as disciplinas ofertadas clique aqui. (31) <a href=\"https:\/\/www2.icb.ufmg.br\/napg\/?p=4123\" class=\"more-link\">Read More<\/a><\/p>\n","protected":false},"author":1,"featured_media":0,"comment_status":"open","ping_status":"open","sticky":false,"template":"elementor_header_footer","format":"standard","meta":[],"categories":[10],"tags":[],"_links":{"self":[{"href":"https:\/\/www2.icb.ufmg.br\/napg\/index.php?rest_route=\/wp\/v2\/posts\/4123"}],"collection":[{"href":"https:\/\/www2.icb.ufmg.br\/napg\/index.php?rest_route=\/wp\/v2\/posts"}],"about":[{"href":"https:\/\/www2.icb.ufmg.br\/napg\/index.php?rest_route=\/wp\/v2\/types\/post"}],"author":[{"embeddable":true,"href":"https:\/\/www2.icb.ufmg.br\/napg\/index.php?rest_route=\/wp\/v2\/users\/1"}],"replies":[{"embeddable":true,"href":"https:\/\/www2.icb.ufmg.br\/napg\/index.php?rest_route=%2Fwp%2Fv2%2Fcomments&post=4123"}],"version-history":[{"count":61,"href":"https:\/\/www2.icb.ufmg.br\/napg\/index.php?rest_route=\/wp\/v2\/posts\/4123\/revisions"}],"predecessor-version":[{"id":17636,"href":"https:\/\/www2.icb.ufmg.br\/napg\/index.php?rest_route=\/wp\/v2\/posts\/4123\/revisions\/17636"}],"wp:attachment":[{"href":"https:\/\/www2.icb.ufmg.br\/napg\/index.php?rest_route=%2Fwp%2Fv2%2Fmedia&parent=4123"}],"wp:term":[{"taxonomy":"category","embeddable":true,"href":"https:\/\/www2.icb.ufmg.br\/napg\/index.php?rest_route=%2Fwp%2Fv2%2Fcategories&post=4123"},{"taxonomy":"post_tag","embeddable":true,"href":"https:\/\/www2.icb.ufmg.br\/napg\/index.php?rest_route=%2Fwp%2Fv2%2Ftags&post=4123"}],"curies":[{"name":"wp","href":"https:\/\/api.w.org\/{rel}","templated":true}]}}