{"id":16541,"date":"2022-09-12T08:06:14","date_gmt":"2022-09-12T11:06:14","guid":{"rendered":"https:\/\/www2.icb.ufmg.br\/napg\/?p=16541"},"modified":"2025-09-04T14:05:28","modified_gmt":"2025-09-04T17:05:28","slug":"concurso-pitch-2022","status":"publish","type":"post","link":"https:\/\/www2.icb.ufmg.br\/napg\/?p=16541","title":{"rendered":"Concurso Pitch 2022"},"content":{"rendered":"\t\t<div data-elementor-type=\"wp-post\" data-elementor-id=\"16541\" class=\"elementor elementor-16541\" data-elementor-settings=\"[]\">\n\t\t\t\t\t\t<div class=\"elementor-inner\">\n\t\t\t\t\t\t\t<div class=\"elementor-section-wrap\">\n\t\t\t\t\t\t\t<section class=\"elementor-section elementor-top-section elementor-element elementor-element-3d3ad4ad elementor-section-content-top elementor-section-full_width elementor-section-height-min-height elementor-section-items-top elementor-section-stretched elementor-section-height-default\" data-id=\"3d3ad4ad\" data-element_type=\"section\" data-settings=\"{&quot;stretch_section&quot;:&quot;section-stretched&quot;}\">\n\t\t\t\t\t\t<div class=\"elementor-container elementor-column-gap-extended\">\n\t\t\t\t\t\t\t<div class=\"elementor-row\">\n\t\t\t\t\t<div class=\"elementor-column elementor-col-100 elementor-top-column elementor-element elementor-element-654ced82\" data-id=\"654ced82\" data-element_type=\"column\">\n\t\t\t<div class=\"elementor-column-wrap elementor-element-populated\">\n\t\t\t\t\t\t\t<div class=\"elementor-widget-wrap\">\n\t\t\t\t\t\t<div class=\"elementor-element elementor-element-33ab4b0 elementor-widget elementor-widget-heading\" data-id=\"33ab4b0\" data-element_type=\"widget\" data-widget_type=\"heading.default\">\n\t\t\t\t<div class=\"elementor-widget-container\">\n\t\t\t<h1 class=\"elementor-heading-title elementor-size-xl\">Concurso Pitch 2022<\/h1>\t\t<\/div>\n\t\t\t\t<\/div>\n\t\t\t\t\t\t<\/div>\n\t\t\t\t\t<\/div>\n\t\t<\/div>\n\t\t\t\t\t\t\t\t<\/div>\n\t\t\t\t\t<\/div>\n\t\t<\/section>\n\t\t\t\t<section class=\"elementor-section elementor-top-section elementor-element elementor-element-9e4756e elementor-section-full_width elementor-section-height-min-height elementor-section-items-top elementor-section-content-top elementor-section-height-default\" data-id=\"9e4756e\" data-element_type=\"section\">\n\t\t\t\t\t\t<div class=\"elementor-container elementor-column-gap-extended\">\n\t\t\t\t\t\t\t<div class=\"elementor-row\">\n\t\t\t\t\t<div class=\"elementor-column elementor-col-66 elementor-top-column elementor-element elementor-element-35877912\" data-id=\"35877912\" data-element_type=\"column\">\n\t\t\t<div class=\"elementor-column-wrap elementor-element-populated\">\n\t\t\t\t\t\t\t<div class=\"elementor-widget-wrap\">\n\t\t\t\t\t\t<div class=\"elementor-element elementor-element-0ced754 elementor-widget elementor-widget-text-editor\" data-id=\"0ced754\" data-element_type=\"widget\" data-widget_type=\"text-editor.default\">\n\t\t\t\t<div class=\"elementor-widget-container\">\n\t\t\t\t\t\t\t\t<div class=\"elementor-text-editor elementor-clearfix\">\n\t\t\t\t<p><span style=\"font-family: georgia, palatino, serif; font-size: 16px; color: #000000;\">O presente concurso, promovido pelo NAPG-ICB, \u00a0faz parte das atividades Mostra ICB 2022.<\/span><\/p>\n<p><span style=\"font-family: georgia, palatino, serif; font-size: 16px; color: #000000;\">Data de Inscri\u00e7\u00e3o: 12\/09\/2022 a 03\/10\/2022<\/span><\/p>\n<p><span style=\"font-family: georgia, palatino, serif; font-size: 16px; color: #000000;\">Formul\u00e1rio de inscri\u00e7\u00e3o:<a style=\"color: #000000;\" href=\"https:\/\/forms.gle\/cxVzwzbYV4JwwsZ46\"> https:\/\/forms.gle\/YvUDct8uywtk4nyA9<\/a><\/span><\/p>\n<p style=\"text-align: left;\"><span style=\"font-family: georgia, palatino, serif; font-size: 16px; color: #000000;\">O \u00a0concurso de Pitch \u00e9 uma iniciativa do N\u00facleo de Apoio \u00e0 P\u00f3s-Gradua\u00e7\u00e3o do Instituto de Ci\u00eancias Biol\u00f3gicas da UFMG (NAPG\/ICB\/UFMG) com o objetivo de divulgar os projetos de\u00a0 Ensino, Pesquisa e Extens\u00e3o desenvolvidos pelos discentes dos programas de P\u00f3s-Gradua\u00e7\u00e3o do ICB da UFMG.<\/span><\/p>\n<p style=\"text-align: left;\"><span style=\"font-family: georgia, palatino, serif; font-size: 16px; color: #000000;\">Os tr\u00eas melhores Pitchs ser\u00e3o premiados e todos v\u00eddeos enviados receber\u00e3o o certificado de participa\u00e7\u00e3o.<\/span><\/p>\n<p style=\"text-align: left;\"><span style=\"color: #000000; font-family: georgia, palatino, serif; font-size: 16px; font-weight: var( --e-global-typography-text-font-weight );\">O v\u00eddeo dever\u00e1 ser produzido em orienta\u00e7\u00e3o horizontal (paisagem\/landscape), com resolu\u00e7\u00e3o m\u00ednima de imagem de 1024 x 768 pixels, com a propor\u00e7\u00e3o de 16:9 e dever\u00e1 ter dura\u00e7\u00e3o de 3 a 5 minutos. O aluno dever\u00e1 hospedar o v\u00eddeo em uma nuvem (google drive, one drive&#8230;) e incluir o link no formul\u00e1rio de inscri\u00e7\u00e3o. Favor verificar que o link do v\u00eddeo esteja dispon\u00edvel para download e n\u00e3o privado.<\/span><\/p>\n<p><span style=\"font-family: georgia, palatino, serif; font-size: 16px; color: #000000;\"><strong><b>Para mais informa\u00e7\u00f5es acesse: <a href=\"https:\/\/www2.icb.ufmg.br\/napg\/wp-content\/uploads\/2025\/08\/Edital-Concuros-Pitch-2022.pdf\">Edital do Concurso Pitch 2022.<\/a><\/b><\/strong><\/span><\/p>\n<p><span style=\"font-family: georgia, palatino, serif; font-size: 16px; color: #000000;\"><span style=\"font-weight: var( --e-global-typography-text-font-weight );\">V\u00eddeo tutorial\u00a0<\/span><a style=\"color: #000000;\" href=\"https:\/\/www.youtube.com\/watch?v=547fM1swDdA\"><u>Como produzir um v\u00eddeo<\/u><\/a><\/span><br \/><span style=\"color: #000000; font-family: georgia, palatino, serif; font-size: 16px;\">Fonte: Semana do Conhecimento UFMG: <a style=\"color: #000000;\" href=\"https:\/\/www.ufmg.br\/semanadoconhecimento\/\">https:\/\/www.ufmg.br\/semanadoconhecimento\/<\/a><\/span><\/p>\n<p><span style=\"font-family: georgia, palatino, serif; font-size: 16px; color: #000000;\"><strong>PREMIA\u00c7\u00c3O DO CONCURSO<\/strong>: (<strong>leia atentamente o Edital do Concurso)<\/strong><\/span><\/p>\n<p><span style=\"font-size: 16px; color: #000000; font-family: georgia, palatino, serif;\">Ser\u00e3o premiados o primeiro, o segundo e o terceiro Pitchs\u00a0da seguinte forma:<\/span><\/p>\n<p><span style=\"font-size: 16px; color: #000000; font-family: georgia, palatino, serif;\"><strong><b>1\u00ba Colocado<\/b><\/strong><\/span><\/p>\n<ul>\n<li><span style=\"font-size: 16px; color: #000000; font-family: georgia, palatino, serif;\">Certificado de primeiro lugar;<\/span><\/li>\n<li><span style=\"font-size: 16px; color: #000000; font-family: georgia, palatino, serif;\">Voucher no valor de at\u00e9 R$500,00 para inscri\u00e7\u00e3o em congresso, em que o candidato apresente trabalho, como primeiro autor, conforme documento <a style=\"color: #000000;\" href=\"https:\/\/www2.icb.ufmg.br\/napg\/wp-content\/uploads\/2022\/10\/SEI_UFMG-1757864-Edital-1.pdf\">EDITAL N\u00ba 1559\/2022\/ICB-SGE-UFMG.<\/a><\/span><\/li>\n<\/ul>\n<p><span style=\"font-size: 16px; color: #000000; font-family: georgia, palatino, serif;\"><strong><b>2\u00ba Colocado<\/b><\/strong><\/span><\/p>\n<ul>\n<li><span style=\"font-size: 16px; color: #000000; font-family: georgia, palatino, serif;\">Certificado de\u00a0 Men\u00e7\u00e3o honrosa segundo lugar<\/span><\/li>\n<\/ul>\n<p><span style=\"font-size: 16px; color: #000000; font-family: georgia, palatino, serif;\"><strong><b>3\u00ba Colocado<\/b><\/strong><\/span><\/p>\n<ul>\n<li><span style=\"font-size: 16px; color: #000000; font-family: georgia, palatino, serif;\">Certificado de Men\u00e7\u00e3o honrosa terceiro lugar<\/span><\/li>\n<\/ul>\n<p><span style=\"color: #000000;\">A divulga\u00e7\u00e3o dos ganhadores do Concurso Pitch e a premia\u00e7\u00e3o ocorrer\u00e3o durante a Mostra ICB 2022.<\/span><\/p>\n<p><span style=\"color: #000000;\"><span style=\"font-size: 20px;\"><strong style=\"font-family: georgia, palatino, serif;\">Ganhadores:<\/strong><\/span><br \/><\/span><\/p>\n<p style=\"text-align: left;\"><span style=\"color: #000000; font-size: 16px; font-family: georgia, palatino, serif;\"><strong>1\u00ba Lugar:\u00a0<\/strong>Como os bigodinhos constroem seus ninhos?<b><br \/>Autores: <\/b>Dalila de F\u00e1tima Ferreira, Filipe Cristov\u00e3o Ribeiro da Cunha e\u00a0 Leonardo Esteves Lopes\u00a0<b><br \/>PPG: <\/b>Zoologia<\/span><\/p>\n<p style=\"text-align: left;\"><span style=\"color: #000000; font-size: 16px; font-family: georgia, palatino, serif;\"><strong>2\u00ba Lugar: <\/strong>O cerrado dos livros did\u00e1ticos tem duas caras!<strong><br \/>Autores: <\/strong>M\u00e1rcio Ven\u00edcius Barbosa Xavier, Vitor de Andrade Kamimura e Danilo Rafael Mesquita Neves<strong><br \/>PPG: <\/strong>Biologia Vegetal<\/span><\/p>\n<p><span style=\"color: #000000; font-size: 16px; font-family: georgia, palatino, serif;\"><strong>3\u00ba Lugar: <\/strong>Fluxo g\u00eanico entre Pitheocpus ayeaye Lutz, 1966 e Pithecopus <\/span><span style=\"color: #000000; font-size: 16px; font-family: georgia, palatino, serif;\">oreades (Brand\u00e3o, 2002) (Anura: Phyllomedusidae) e suas <\/span><span style=\"color: #000000; font-size: 16px; font-family: georgia, palatino, serif;\">implica\u00e7\u00f5es para a taxonomia das esp\u00e9cies<strong><br \/><\/strong><strong>Autores: <\/strong>Ana Cecilia Holler del Prette e Rafael F\u00e9lix de Magalh\u00e3es<strong><br \/>PPG: <\/strong>Zoologia<\/span><\/p>\t\t\t\t\t<\/div>\n\t\t\t\t\t\t<\/div>\n\t\t\t\t<\/div>\n\t\t\t\t\t\t<\/div>\n\t\t\t\t\t<\/div>\n\t\t<\/div>\n\t\t\t\t<div class=\"elementor-column elementor-col-33 elementor-top-column elementor-element elementor-element-79f93c19\" data-id=\"79f93c19\" data-element_type=\"column\">\n\t\t\t<div class=\"elementor-column-wrap elementor-element-populated\">\n\t\t\t\t\t\t\t<div class=\"elementor-widget-wrap\">\n\t\t\t\t\t\t<div class=\"elementor-element elementor-element-5f999b08 elementor-widget elementor-widget-sidebar\" data-id=\"5f999b08\" data-element_type=\"widget\" data-widget_type=\"sidebar.default\">\n\t\t\t\t<div class=\"elementor-widget-container\">\n\t\t\t<section id=\"search-2\" class=\"widget widget_search\">\n<form role=\"search\" method=\"get\" class=\"search-form\" autocomplete=\"off\" action=\"https:\/\/www2.icb.ufmg.br\/napg\/\">\n    <label>\n\t<span class=\"screen-reader-text\">Search for:<\/span>\n\t<input type=\"search\" class=\"search-field\" placeholder=\"Search &hellip;\" value=\"\" name=\"s\" title=\"Search for:\" \/>\n    <\/label>\n    <input type=\"submit\" class=\"search-submit\" value=\"\"><span class=\"screen-reader-text\">Search<\/span>\n<\/form><\/section><section id=\"categories-9\" class=\"widget widget_categories\"><h2 class=\"widget-title\">Categoria<\/h2>\n\t\t\t<ul>\n\t\t\t\t\t<li class=\"cat-item cat-item-42\"><a href=\"https:\/\/www2.icb.ufmg.br\/napg\/?cat=42\">Entreterimento &#8211; Espa\u00e7o teenager<\/a>\n<\/li>\n\t<li class=\"cat-item cat-item-12\"><a href=\"https:\/\/www2.icb.ufmg.br\/napg\/?cat=12\">Eventos NAPG<\/a>\n<\/li>\n\t<li class=\"cat-item cat-item-15\"><a href=\"https:\/\/www2.icb.ufmg.br\/napg\/?cat=15\">Nossa Galeria<\/a>\n<\/li>\n\t<li class=\"cat-item cat-item-18\"><a href=\"https:\/\/www2.icb.ufmg.br\/napg\/?cat=18\">Nossos n\u00fameros<\/a>\n<\/li>\n\t<li class=\"cat-item cat-item-11\"><a href=\"https:\/\/www2.icb.ufmg.br\/napg\/?cat=11\">Nossos v\u00eddeos<\/a>\n<\/li>\n\t<li class=\"cat-item cat-item-10\"><a href=\"https:\/\/www2.icb.ufmg.br\/napg\/?cat=10\">Not\u00edcias<\/a>\n<\/li>\n\t<li class=\"cat-item cat-item-1\"><a href=\"https:\/\/www2.icb.ufmg.br\/napg\/?cat=1\">Sem categoria<\/a>\n<\/li>\n\t\t\t<\/ul>\n\n\t\t\t<\/section>\t\t<\/div>\n\t\t\t\t<\/div>\n\t\t\t\t\t\t<\/div>\n\t\t\t\t\t<\/div>\n\t\t<\/div>\n\t\t\t\t\t\t\t\t<\/div>\n\t\t\t\t\t<\/div>\n\t\t<\/section>\n\t\t\t\t<section class=\"elementor-section elementor-top-section elementor-element elementor-element-6574a81d elementor-section-full_width elementor-section-height-min-height elementor-section-items-top elementor-section-content-top elementor-section-height-default\" data-id=\"6574a81d\" data-element_type=\"section\" data-settings=\"{&quot;background_background&quot;:&quot;classic&quot;}\">\n\t\t\t\t\t\t<div class=\"elementor-container elementor-column-gap-extended\">\n\t\t\t\t\t\t\t<div class=\"elementor-row\">\n\t\t\t\t\t<div class=\"elementor-column elementor-col-100 elementor-top-column elementor-element elementor-element-3187ff42\" data-id=\"3187ff42\" data-element_type=\"column\">\n\t\t\t<div class=\"elementor-column-wrap elementor-element-populated\">\n\t\t\t\t\t\t\t<div class=\"elementor-widget-wrap\">\n\t\t\t\t\t\t<div class=\"elementor-element elementor-element-f290fe elementor-widget elementor-widget-text-editor\" data-id=\"f290fe\" data-element_type=\"widget\" data-widget_type=\"text-editor.default\">\n\t\t\t\t<div class=\"elementor-widget-container\">\n\t\t\t\t\t\t\t\t<div class=\"elementor-text-editor elementor-clearfix\">\n\t\t\t\t<p><strong><span style=\"color: #339966;\"><img decoding=\"async\" loading=\"lazy\" class=\"wp-image-2127\" src=\"https:\/\/www2.icb.ufmg.br\/napg\/wp-content\/uploads\/2018\/08\/old-telephone1-1.png\" alt=\"\" width=\"17\" height=\"17\" \/><\/span><\/strong><span style=\"color: #000000;\">\u00a0(31) 3409-2522<\/span><br \/><span style=\"color: #000000;\"><img decoding=\"async\" loading=\"lazy\" class=\"wp-image-2126\" src=\"https:\/\/www2.icb.ufmg.br\/napg\/wp-content\/uploads\/2018\/08\/black-back-closed-envelope-shape.png\" alt=\"\" width=\"15\" height=\"15\" \/>\u00a0napg@icb.ufmg.br<\/span><br \/><span style=\"color: #000000;\"><img decoding=\"async\" loading=\"lazy\" class=\"wp-image-2125\" src=\"https:\/\/www2.icb.ufmg.br\/napg\/wp-content\/uploads\/2018\/08\/locating.png\" alt=\"\" width=\"18\" height=\"18\" \/>Av. Ant\u00f4nio Carlos,\u00a0 6627 &#8211; ICB &#8211; Bloco F &#8211; 1\u00ba andar &#8211; Sala 70 &#8211; UFMG &#8211; Pampulha &#8211; 31270-901 &#8211; BH\/MG.<\/span><br \/><span style=\"color: #000000;\"><img decoding=\"async\" loading=\"lazy\" class=\"alignleft wp-image-2143\" src=\"https:\/\/www2.icb.ufmg.br\/napg\/wp-content\/uploads\/2018\/08\/car-fill-from-frontal-view.png\" alt=\"\" width=\"20\" height=\"20\" \/><a style=\"color: #000000;\" href=\"https:\/\/www2.icb.ufmg.br\/napg\/index.php\/2018\/08\/24\/como-chegar\/\">Como Chegar<\/a><\/span><\/p>\n<p><span style=\"color: #000000;\">Hor\u00e1rio de Atendimento: de segunda a sexta-feira das 8h \u00e0s 11h30 &#8211; 14h \u00e0s 16h<\/span><\/p>\t\t\t\t\t<\/div>\n\t\t\t\t\t\t<\/div>\n\t\t\t\t<\/div>\n\t\t\t\t\t\t<\/div>\n\t\t\t\t\t<\/div>\n\t\t<\/div>\n\t\t\t\t\t\t\t\t<\/div>\n\t\t\t\t\t<\/div>\n\t\t<\/section>\n\t\t\t\t\t\t<\/div>\n\t\t\t\t\t\t<\/div>\n\t\t\t\t\t<\/div>\n\t\t","protected":false},"excerpt":{"rendered":"<p>Concurso Pitch 2022 O presente concurso, promovido pelo NAPG-ICB, faz parte das atividades Mostra ICB 2022. Data de Inscri\u00e7\u00e3o: 12\/09\/2022 a 03\/10\/2022 Formul\u00e1rio de inscri\u00e7\u00e3o: https:\/\/forms.gle\/YvUDct8uywtk4nyA9 O concurso de Pitch \u00e9 uma iniciativa do N\u00facleo de Apoio \u00e0 P\u00f3s-Gradua\u00e7\u00e3o do Instituto de Ci\u00eancias Biol\u00f3gicas da UFMG (NAPG\/ICB\/UFMG) com o objetivo de divulgar os projetos de Ensino, Pesquisa e Extens\u00e3o desenvolvidos pelos discentes dos programas de P\u00f3s-Gradua\u00e7\u00e3o do ICB da UFMG. Os tr\u00eas melhores Pitchs ser\u00e3o premiados e todos v\u00eddeos enviados receber\u00e3o o certificado de participa\u00e7\u00e3o. O v\u00eddeo dever\u00e1 ser produzido em orienta\u00e7\u00e3o horizontal (paisagem\/landscape), com resolu\u00e7\u00e3o m\u00ednima de imagem de <a href=\"https:\/\/www2.icb.ufmg.br\/napg\/?p=16541\" class=\"more-link\">Read More<\/a><\/p>\n","protected":false},"author":1,"featured_media":0,"comment_status":"open","ping_status":"open","sticky":false,"template":"elementor_header_footer","format":"standard","meta":[],"categories":[1],"tags":[],"_links":{"self":[{"href":"https:\/\/www2.icb.ufmg.br\/napg\/index.php?rest_route=\/wp\/v2\/posts\/16541"}],"collection":[{"href":"https:\/\/www2.icb.ufmg.br\/napg\/index.php?rest_route=\/wp\/v2\/posts"}],"about":[{"href":"https:\/\/www2.icb.ufmg.br\/napg\/index.php?rest_route=\/wp\/v2\/types\/post"}],"author":[{"embeddable":true,"href":"https:\/\/www2.icb.ufmg.br\/napg\/index.php?rest_route=\/wp\/v2\/users\/1"}],"replies":[{"embeddable":true,"href":"https:\/\/www2.icb.ufmg.br\/napg\/index.php?rest_route=%2Fwp%2Fv2%2Fcomments&post=16541"}],"version-history":[{"count":85,"href":"https:\/\/www2.icb.ufmg.br\/napg\/index.php?rest_route=\/wp\/v2\/posts\/16541\/revisions"}],"predecessor-version":[{"id":22620,"href":"https:\/\/www2.icb.ufmg.br\/napg\/index.php?rest_route=\/wp\/v2\/posts\/16541\/revisions\/22620"}],"wp:attachment":[{"href":"https:\/\/www2.icb.ufmg.br\/napg\/index.php?rest_route=%2Fwp%2Fv2%2Fmedia&parent=16541"}],"wp:term":[{"taxonomy":"category","embeddable":true,"href":"https:\/\/www2.icb.ufmg.br\/napg\/index.php?rest_route=%2Fwp%2Fv2%2Fcategories&post=16541"},{"taxonomy":"post_tag","embeddable":true,"href":"https:\/\/www2.icb.ufmg.br\/napg\/index.php?rest_route=%2Fwp%2Fv2%2Ftags&post=16541"}],"curies":[{"name":"wp","href":"https:\/\/api.w.org\/{rel}","templated":true}]}}