{"id":16181,"date":"2022-07-22T13:33:10","date_gmt":"2022-07-22T16:33:10","guid":{"rendered":"https:\/\/www2.icb.ufmg.br\/napg\/?p=16181"},"modified":"2026-04-23T08:01:55","modified_gmt":"2026-04-23T11:01:55","slug":"se","status":"publish","type":"post","link":"https:\/\/www2.icb.ufmg.br\/napg\/?p=16181","title":{"rendered":"Sele\u00e7\u00e3o PPGs"},"content":{"rendered":"\t\t<div data-elementor-type=\"wp-post\" data-elementor-id=\"16181\" class=\"elementor elementor-16181\" data-elementor-settings=\"[]\">\n\t\t\t\t\t\t<div class=\"elementor-inner\">\n\t\t\t\t\t\t\t<div class=\"elementor-section-wrap\">\n\t\t\t\t\t\t\t<section class=\"elementor-section elementor-top-section elementor-element elementor-element-5376e5b elementor-section-boxed elementor-section-height-default elementor-section-height-default\" data-id=\"5376e5b\" data-element_type=\"section\">\n\t\t\t\t\t\t<div class=\"elementor-container elementor-column-gap-default\">\n\t\t\t\t\t\t\t<div class=\"elementor-row\">\n\t\t\t\t\t<div class=\"elementor-column elementor-col-100 elementor-top-column elementor-element elementor-element-b07651d\" data-id=\"b07651d\" data-element_type=\"column\">\n\t\t\t<div class=\"elementor-column-wrap elementor-element-populated\">\n\t\t\t\t\t\t\t<div class=\"elementor-widget-wrap\">\n\t\t\t\t\t\t<div class=\"elementor-element elementor-element-6a3cdbc elementor-widget elementor-widget-heading\" data-id=\"6a3cdbc\" data-element_type=\"widget\" data-widget_type=\"heading.default\">\n\t\t\t\t<div class=\"elementor-widget-container\">\n\t\t\t<h2 class=\"elementor-heading-title elementor-size-xl\">Sele\u00e7\u00e3o Programas de P\u00f3s-gradua\u00e7\u00e3o<\/h2>\t\t<\/div>\n\t\t\t\t<\/div>\n\t\t\t\t\t\t<\/div>\n\t\t\t\t\t<\/div>\n\t\t<\/div>\n\t\t\t\t\t\t\t\t<\/div>\n\t\t\t\t\t<\/div>\n\t\t<\/section>\n\t\t\t\t<section class=\"elementor-section elementor-top-section elementor-element elementor-element-2ed6d81 elementor-section-full_width elementor-section-height-min-height elementor-section-items-top elementor-section-content-top elementor-section-stretched elementor-section-height-default\" data-id=\"2ed6d81\" data-element_type=\"section\" data-settings=\"{&quot;stretch_section&quot;:&quot;section-stretched&quot;}\">\n\t\t\t\t\t\t<div class=\"elementor-container elementor-column-gap-extended\">\n\t\t\t\t\t\t\t<div class=\"elementor-row\">\n\t\t\t\t\t<div class=\"elementor-column elementor-col-66 elementor-top-column elementor-element elementor-element-2ac2107d\" data-id=\"2ac2107d\" data-element_type=\"column\">\n\t\t\t<div class=\"elementor-column-wrap elementor-element-populated\">\n\t\t\t\t\t\t\t<div class=\"elementor-widget-wrap\">\n\t\t\t\t\t\t<div class=\"elementor-element elementor-element-9052238 elementor-widget elementor-widget-text-editor\" data-id=\"9052238\" data-element_type=\"widget\" data-widget_type=\"text-editor.default\">\n\t\t\t\t<div class=\"elementor-widget-container\">\n\t\t\t\t\t\t\t\t<div class=\"elementor-text-editor elementor-clearfix\">\n\t\t\t\t<p><span style=\"font-size: 20px; color: #000000;\"><img decoding=\"async\" draggable=\"false\" role=\"img\" class=\"emoji\" alt=\"\ud83c\udf93\" src=\"https:\/\/s.w.org\/images\/core\/emoji\/14.0.0\/svg\/1f393.svg\"\/> <strong data-start=\"520\" data-end=\"573\">Processos Seletivos \u2013 Mestrado e Doutorado (2026)<\/strong><\/span><br data-start=\"573\" data-end=\"576\"\/><span style=\"font-size: 20px; color: #000000;\"><img decoding=\"async\" draggable=\"false\" role=\"img\" class=\"emoji\" alt=\"\u23f0\" src=\"https:\/\/s.w.org\/images\/core\/emoji\/14.0.0\/svg\/23f0.svg\"\/> Inscri\u00e7\u00f5es abertas | <img decoding=\"async\" draggable=\"false\" role=\"img\" class=\"emoji\" alt=\"\ud83d\udccd\" src=\"https:\/\/s.w.org\/images\/core\/emoji\/14.0.0\/svg\/1f4cd.svg\"\/> Diversas \u00e1reas | <img decoding=\"async\" draggable=\"false\" role=\"img\" class=\"emoji\" alt=\"\ud83c\udfaf\" src=\"https:\/\/s.w.org\/images\/core\/emoji\/14.0.0\/svg\/1f3af.svg\"\/> Mestrado e Doutorado<\/span><\/p>\t\t\t\t\t<\/div>\n\t\t\t\t\t\t<\/div>\n\t\t\t\t<\/div>\n\t\t\t\t<div class=\"elementor-element elementor-element-d881652 elementor-tabs-view-horizontal elementor-widget elementor-widget-tabs\" data-id=\"d881652\" data-element_type=\"widget\" data-widget_type=\"tabs.default\">\n\t\t\t\t<div class=\"elementor-widget-container\">\n\t\t\t\t\t<div class=\"elementor-tabs\">\n\t\t\t<div class=\"elementor-tabs-wrapper\" role=\"tablist\" >\n\t\t\t\t\t\t\t\t\t<div id=\"elementor-tab-title-2271\" class=\"elementor-tab-title elementor-tab-desktop-title\" aria-selected=\"true\" data-tab=\"1\" role=\"tab\" tabindex=\"0\" aria-controls=\"elementor-tab-content-2271\" aria-expanded=\"false\"><a href=\"\"><\/a><\/div>\n\t\t\t\t\t\t\t\t\t<div id=\"elementor-tab-title-2272\" class=\"elementor-tab-title elementor-tab-desktop-title\" aria-selected=\"false\" data-tab=\"2\" role=\"tab\" tabindex=\"-1\" aria-controls=\"elementor-tab-content-2272\" aria-expanded=\"false\"><a href=\"\">Bioinform\u00e1tica<\/a><\/div>\n\t\t\t\t\t\t\t\t\t<div id=\"elementor-tab-title-2273\" class=\"elementor-tab-title elementor-tab-desktop-title\" aria-selected=\"false\" data-tab=\"3\" role=\"tab\" tabindex=\"-1\" aria-controls=\"elementor-tab-content-2273\" aria-expanded=\"false\"><a href=\"\">Biologia Celular<\/a><\/div>\n\t\t\t\t\t\t\t\t\t<div id=\"elementor-tab-title-2274\" class=\"elementor-tab-title elementor-tab-desktop-title\" aria-selected=\"false\" data-tab=\"4\" role=\"tab\" tabindex=\"-1\" aria-controls=\"elementor-tab-content-2274\" aria-expanded=\"false\"><a href=\"\">Bioquimica e Imunologia<\/a><\/div>\n\t\t\t\t\t\t\t\t\t<div id=\"elementor-tab-title-2275\" class=\"elementor-tab-title elementor-tab-desktop-title\" aria-selected=\"false\" data-tab=\"5\" role=\"tab\" tabindex=\"-1\" aria-controls=\"elementor-tab-content-2275\" aria-expanded=\"false\"><a href=\"\">Biologia Vegetal<\/a><\/div>\n\t\t\t\t\t\t\t\t\t<div id=\"elementor-tab-title-2276\" class=\"elementor-tab-title elementor-tab-desktop-title\" aria-selected=\"false\" data-tab=\"6\" role=\"tab\" tabindex=\"-1\" aria-controls=\"elementor-tab-content-2276\" aria-expanded=\"false\"><a href=\"\">Ecologia<\/a><\/div>\n\t\t\t\t\t\t\t\t\t<div id=\"elementor-tab-title-2277\" class=\"elementor-tab-title elementor-tab-desktop-title\" aria-selected=\"false\" data-tab=\"7\" role=\"tab\" tabindex=\"-1\" aria-controls=\"elementor-tab-content-2277\" aria-expanded=\"false\"><a href=\"\">Fisiologia e Farmacologia<\/a><\/div>\n\t\t\t\t\t\t\t\t\t<div id=\"elementor-tab-title-2278\" class=\"elementor-tab-title elementor-tab-desktop-title\" aria-selected=\"false\" data-tab=\"8\" role=\"tab\" tabindex=\"-1\" aria-controls=\"elementor-tab-content-2278\" aria-expanded=\"false\"><a href=\"\">Gen\u00e9tica<\/a><\/div>\n\t\t\t\t\t\t\t<\/div>\n\t\t\t<div class=\"elementor-tabs-content-wrapper\" role=\"tablist\" aria-orientation=\"vertical\">\n\t\t\t\t\t\t\t\t\t<div class=\"elementor-tab-title elementor-tab-mobile-title\" aria-selected=\"true\" data-tab=\"1\" role=\"tab\" tabindex=\"0\" aria-controls=\"elementor-tab-content-2271\" aria-expanded=\"false\"><\/div>\n\t\t\t\t\t<div id=\"elementor-tab-content-2271\" class=\"elementor-tab-content elementor-clearfix\" data-tab=\"1\" role=\"tabpanel\" aria-labelledby=\"elementor-tab-title-2271\" tabindex=\"0\" hidden=\"false\"><\/div>\n\t\t\t\t\t\t\t\t\t<div class=\"elementor-tab-title elementor-tab-mobile-title\" aria-selected=\"false\" data-tab=\"2\" role=\"tab\" tabindex=\"-1\" aria-controls=\"elementor-tab-content-2272\" aria-expanded=\"false\">Bioinform\u00e1tica<\/div>\n\t\t\t\t\t<div id=\"elementor-tab-content-2272\" class=\"elementor-tab-content elementor-clearfix\" data-tab=\"2\" role=\"tabpanel\" aria-labelledby=\"elementor-tab-title-2272\" tabindex=\"0\" hidden=\"hidden\"><p><span style=\"font-size: 20px; font-family: verdana, geneva, sans-serif; color: #000000;\"><strong>Programa de P\u00f3s-gradua\u00e7\u00e3o em Bioinform\u00e1tica<\/strong><\/span><\/p><\/div>\n\t\t\t\t\t\t\t\t\t<div class=\"elementor-tab-title elementor-tab-mobile-title\" aria-selected=\"false\" data-tab=\"3\" role=\"tab\" tabindex=\"-1\" aria-controls=\"elementor-tab-content-2273\" aria-expanded=\"false\">Biologia Celular<\/div>\n\t\t\t\t\t<div id=\"elementor-tab-content-2273\" class=\"elementor-tab-content elementor-clearfix\" data-tab=\"3\" role=\"tabpanel\" aria-labelledby=\"elementor-tab-title-2273\" tabindex=\"0\" hidden=\"hidden\"><p style=\"text-align: left;\"><span style=\"color: #000000; font-size: 20px;\"><strong>Programa de P\u00f3s-gradua\u00e7\u00e3o em Biologia Celular<\/strong><\/span><\/p>\n<div style=\"text-align: left;\"><span style=\"color: #000000; font-size: 16px;\"><b>Sele\u00e7\u00e3o de Mestrado e Doutorado, regime de Fluxo Cont\u00ednuo<\/b><\/span><\/div>\n<div>\n<p><span style=\"font-size: 14px; font-family: verdana, geneva, sans-serif; color: #000000;\">\ud83d\udce2 O <strong data-start=\"203\" data-end=\"252\">Programa de P\u00f3s-gradua\u00e7\u00e3o em Biologia Celular<\/strong> est\u00e1 comabertas as inscri\u00e7\u00f5es para o <strong data-start=\"350\" data-end=\"409\">Edital Regular e Suplementar de Sele\u00e7\u00e3o 2026 \u2013 Mestrado<\/strong>, em regime de fluxo cont\u00ednuo.<\/span><\/p>\n<\/div>\n<div>\n<p data-start=\"443\" data-end=\"529\"><span style=\"color: #000000; font-size: 14px; font-family: verdana, geneva, sans-serif;\">\ud83d\uddd3 <strong data-start=\"446\" data-end=\"471\">Per\u00edodo de inscri\u00e7\u00e3o:<\/strong> de 13 a 27 de abril de 2026<\/span><br data-start=\"499\" data-end=\"502\" \/><span style=\"color: #000000; font-size: 14px; font-family: verdana, geneva, sans-serif;\">\ud83d\udcbb <strong data-start=\"505\" data-end=\"527\">Inscri\u00e7\u00f5es online:<\/strong><\/span><\/p>\n<p data-start=\"531\" data-end=\"655\"><span style=\"color: #000000; font-size: 14px; font-family: verdana, geneva, sans-serif;\">Acesse o site oficial do programa:<\/span><br data-start=\"565\" data-end=\"568\" \/><span style=\"color: #000000; font-size: 14px; font-family: verdana, geneva, sans-serif;\"><a class=\"decorated-link\" style=\"color: #000000;\" href=\"http:\/\/www.pgbiologiacelular.icb.ufmg.br\" target=\"_new\" rel=\"noopener\" data-start=\"568\" data-end=\"608\">http:\/\/www.pgbiologiacelular.icb.ufmg.br<\/a><\/span><br data-start=\"608\" data-end=\"611\" \/><span style=\"color: #000000; font-size: 14px; font-family: verdana, geneva, sans-serif;\">\u27a1\ufe0f Caminho: <em data-start=\"623\" data-end=\"653\">PROCESSO SELETIVO &gt; Mestrado. <\/em>N\u00e3o perca essa oportunidade de ingressar no programa!<\/span><\/p>\n<p data-start=\"1384\" data-end=\"1556\"><span style=\"color: #000000; font-size: 14px; font-family: verdana, geneva, sans-serif;\">22\/04\/2026 &#8211; atualiza\u00e7\u00e3o<\/span><\/p>\n<\/div><\/div>\n\t\t\t\t\t\t\t\t\t<div class=\"elementor-tab-title elementor-tab-mobile-title\" aria-selected=\"false\" data-tab=\"4\" role=\"tab\" tabindex=\"-1\" aria-controls=\"elementor-tab-content-2274\" aria-expanded=\"false\">Bioquimica e Imunologia<\/div>\n\t\t\t\t\t<div id=\"elementor-tab-content-2274\" class=\"elementor-tab-content elementor-clearfix\" data-tab=\"4\" role=\"tabpanel\" aria-labelledby=\"elementor-tab-title-2274\" tabindex=\"0\" hidden=\"hidden\"><p style=\"text-align: left;\" data-start=\"0\" data-end=\"42\"><span style=\"color: #000000; font-size: 20px;\"><strong>Programa de P\u00f3s-gradua\u00e7\u00e3o em Bioqu\u00edmica e Imunologia<\/strong><\/span><\/p>\n<h3 style=\"text-align: left;\" data-section-id=\"1iuomme\" data-start=\"85\" data-end=\"130\"><span style=\"color: #000000;\">\ud83c\udf93 <span style=\"font-size: 16px; font-family: georgia, palatino, serif;\">Sele\u00e7\u00e3o de Doutorado \u2013 1\u00aa Entrada 2026<\/span><\/span><\/h3>\n<p style=\"text-align: left;\" data-start=\"132\" data-end=\"297\"><span style=\"font-size: 14px; color: #000000; font-family: verdana, geneva, sans-serif;\">O <strong data-start=\"134\" data-end=\"190\">Programa de P\u00f3s-Gradua\u00e7\u00e3o em Bioqu\u00edmica e Imunologia<\/strong> anuncia a abertura das inscri\u00e7\u00f5es para o processo seletivo do <strong data-start=\"253\" data-end=\"296\">Curso de Doutorado \u2013 1\u00aa Entrada de 2026<\/strong>.<br \/>Se voc\u00ea busca aprofundar sua forma\u00e7\u00e3o acad\u00eamica e atuar em pesquisa de excel\u00eancia, esta \u00e9 a sua oportunidade!<\/span><\/p>\n<h3 style=\"text-align: left;\" data-section-id=\"3p3jti\" data-start=\"415\" data-end=\"442\"><span style=\"font-size: 14px; color: #000000; font-family: verdana, geneva, sans-serif;\">\ud83d\udcc5 <strong>Per\u00edodo de Inscri\u00e7\u00e3o:\u00a0<\/strong>As inscri\u00e7\u00f5es estar\u00e3o abertas de 10 de mar\u00e7o de 2026 at\u00e9 \u00e0s 23h59 do dia 25 de mar\u00e7o de 2026.<br \/>\ud83c\udf10<strong> Como se inscrever:\u00a0 <\/strong>As inscri\u00e7\u00f5es devem ser realizadas exclusivamente online, por meio da p\u00e1gina oficial do programa: \ud83d\udd17 <a class=\"decorated-link\" style=\"color: #000000;\" href=\"http:\/\/www.pgbiq.icb.ufmg.br\" target=\"_new\" rel=\"noopener\" data-start=\"675\" data-end=\"703\">http:\/\/www.pgbiq.icb.ufmg.br<\/a><br \/>\ud83d\udcc4 <strong>Documentos importantes<\/strong><br \/>\ud83d\udccc <strong data-start=\"745\" data-end=\"776\">Edital do processo seletivo: <\/strong><a class=\"decorated-link\" style=\"color: #000000;\" href=\"https:\/\/www.pgbiq.icb.ufmg.br\/docs\/edital.regular.2026.pdf?src=28762\" target=\"_new\" rel=\"noopener\" data-start=\"781\" data-end=\"849\">https:\/\/www.pgbiq.icb.ufmg.br\/docs\/edital.regular.2026.pdf?src=28762<\/a><\/span><br \/><span style=\"font-size: 14px; color: #000000; font-family: verdana, geneva, sans-serif;\">\ud83d\udccc <strong data-start=\"858\" data-end=\"881\">Cronograma completo: <\/strong><a class=\"decorated-link\" style=\"color: #000000;\" href=\"https:\/\/www.pgbiq.icb.ufmg.br\/docs\/cronograma.doutorado.1a2026.pdf?src=28099\" target=\"_new\" rel=\"noopener\" data-start=\"886\" data-end=\"962\">https:\/\/www.pgbiq.icb.ufmg.br\/docs\/cronograma.doutorado.1a2026.pdf?src=28099<\/a><\/span><\/h3>\n<h3 style=\"text-align: left;\" data-section-id=\"17dlrp8\" data-start=\"710\" data-end=\"739\"><span style=\"font-size: 14px; color: #000000; font-family: verdana, geneva, sans-serif;\">\ud83d\udcde <strong>Informa\u00e7\u00f5es adicionais:\u00a0<\/strong>Em caso de d\u00favidas, entre em contato com a secretaria do programa:<\/span><br data-start=\"1067\" data-end=\"1070\" \/><span style=\"font-size: 14px; color: #000000; font-family: verdana, geneva, sans-serif;\">\u2709\ufe0f E-mail: <a class=\"decorated-link cursor-pointer\" style=\"color: #000000;\" rel=\"noopener\" data-start=\"1081\" data-end=\"1099\">pg-biq@icb.ufmg.br<br \/><\/a>\ud83d\udcde Telefone: (31) 3409-2615<\/span><\/h3><\/div>\n\t\t\t\t\t\t\t\t\t<div class=\"elementor-tab-title elementor-tab-mobile-title\" aria-selected=\"false\" data-tab=\"5\" role=\"tab\" tabindex=\"-1\" aria-controls=\"elementor-tab-content-2275\" aria-expanded=\"false\">Biologia Vegetal<\/div>\n\t\t\t\t\t<div id=\"elementor-tab-content-2275\" class=\"elementor-tab-content elementor-clearfix\" data-tab=\"5\" role=\"tabpanel\" aria-labelledby=\"elementor-tab-title-2275\" tabindex=\"0\" hidden=\"hidden\"><p><span style=\"color: #000000; font-size: 20px; font-family: verdana, geneva, sans-serif;\"><strong>Programa de P\u00f3s-gradua\u00e7\u00e3o em Biologia Vegetal<\/strong><\/span><\/p>\n<p class=\"isSelectedEnd\"><span style=\"color: #000000; font-size: 14px; font-family: verdana, geneva, sans-serif;\"><strong>\u2728\ud83c\udf3fSele\u00e7\u00e3o 2026 aberta \u2013 P\u00f3s-Gradua\u00e7\u00e3o em Biologia Vegetal (UFMG)!<\/strong> \u2728\ud83c\udf3f<\/span><\/p>\n<p class=\"isSelectedEnd\"><span style=\"font-size: 14px; font-family: verdana, geneva, sans-serif; color: #000000;\">Quer avan\u00e7ar na sua carreira cient\u00edfica e mergulhar no estudo das plantas? Essa \u00e9 a sua chance!<\/span><\/p>\n<p class=\"isSelectedEnd\"><span style=\"font-size: 14px; font-family: verdana, geneva, sans-serif; color: #000000;\">A <strong>Coordena\u00e7\u00e3o do Programa de P\u00f3s-Gradua\u00e7\u00e3o em Biologia Vegetal da UFMG<\/strong> abriu o <strong>Edital Regular de Sele\u00e7\u00e3o 2026<\/strong> para:<\/span><br \/><span style=\"font-size: 14px; font-family: verdana, geneva, sans-serif; color: #000000;\">\ud83c\udf93 <strong>Mestrado<\/strong> (com entradas no 1\u00ba e 2\u00ba semestres)<\/span><br \/><span style=\"font-size: 14px; font-family: verdana, geneva, sans-serif; color: #000000;\">\ud83c\udf93 <strong>Doutorado<\/strong> (em fluxo cont\u00ednuo)<\/span><\/p>\n<p class=\"isSelectedEnd\"><span style=\"font-size: 14px; font-family: verdana, geneva, sans-serif; color: #000000;\">\ud83d\udd0e O programa oferece forma\u00e7\u00e3o s\u00f3lida, pesquisa de excel\u00eancia e oportunidades em diversas \u00e1reas da Biologia Vegetal.<\/span><\/p>\n<p class=\"isSelectedEnd\"><span style=\"font-size: 14px; font-family: verdana, geneva, sans-serif; color: #000000;\">\ud83d\udcc4 Acesse os documentos:<\/span><br \/><span style=\"font-size: 14px; font-family: verdana, geneva, sans-serif; color: #000000;\">\ud83d\udc49 Edital Regular: <a style=\"color: #000000;\" href=\"https:\/\/www2.icb.ufmg.br\/napg\/wp-content\/uploads\/2026\/01\/SEI_4832302_Edital-Regular_3397-2.pdf\">https:\/\/www2.icb.ufmg.br\/napg\/wp-content\/uploads\/2026\/01\/SEI_4832302_Edital-Regular_3397-2.pdf<\/a><\/span><br \/><span style=\"font-size: 14px; font-family: verdana, geneva, sans-serif; color: #000000;\">\ud83d\udc49 Edital Suplementar: <a style=\"color: #000000;\" href=\"https:\/\/www2.icb.ufmg.br\/napg\/wp-content\/uploads\/2026\/01\/SEI_4832306_Edital-Suplementar_3398.pdf\">https:\/\/www2.icb.ufmg.br\/napg\/wp-content\/uploads\/2026\/01\/SEI_4832306_Edital-Suplementar_3398.pdf<\/a><\/span><br \/><span style=\"font-size: 14px; font-family: verdana, geneva, sans-serif; color: #000000;\">\ud83d\udc49 Cronograma: <a style=\"color: #000000;\" href=\"https:\/\/www2.icb.ufmg.br\/napg\/wp-content\/uploads\/2026\/01\/Cronograma___Biologia_Vegetal.pdf\">https:\/\/www2.icb.ufmg.br\/napg\/wp-content\/uploads\/2026\/01\/Cronograma___Biologia_Vegetal.pdf<\/a><\/span><\/p>\n<p><span style=\"font-size: 14px; font-family: georgia, palatino, serif; color: #000000;\">\ud83d\ude80 N\u00e3o perca essa oportunidade de crescer na pesquisa cient\u00edfica e contribuir para o conhecimento sobre o mundo vegetal!<\/span><\/p><\/div>\n\t\t\t\t\t\t\t\t\t<div class=\"elementor-tab-title elementor-tab-mobile-title\" aria-selected=\"false\" data-tab=\"6\" role=\"tab\" tabindex=\"-1\" aria-controls=\"elementor-tab-content-2276\" aria-expanded=\"false\">Ecologia<\/div>\n\t\t\t\t\t<div id=\"elementor-tab-content-2276\" class=\"elementor-tab-content elementor-clearfix\" data-tab=\"6\" role=\"tabpanel\" aria-labelledby=\"elementor-tab-title-2276\" tabindex=\"0\" hidden=\"hidden\"><p><span style=\"font-size: 20px; color: #000000; font-family: verdana, geneva, sans-serif;\"><strong>Programa de P\u00f3s-gradua\u00e7\u00e3o em Ecologia, Conserva\u00e7\u00e3o e Manejo da Vida Silvestre.<\/strong><\/span><\/p>\n<div>\n<p data-start=\"198\" data-end=\"365\"><span style=\"font-size: 14px; font-family: verdana, geneva, sans-serif; color: #000000;\">Se voc\u00ea quer aprofundar seus estudos e atuar na pesquisa e conserva\u00e7\u00e3o da vida silvestre, essa \u00e9 a sua oportunidade.<\/span><\/p>\n<p data-start=\"367\" data-end=\"454\"><span style=\"font-size: 14px; font-family: verdana, geneva, sans-serif; color: #000000;\">\ud83d\udcc4 <strong data-start=\"370\" data-end=\"406\">Editais e informa\u00e7\u00f5es completas:<\/strong><\/span><br data-start=\"406\" data-end=\"409\" \/><span style=\"font-size: 14px; font-family: verdana, geneva, sans-serif; color: #000000;\">\ud83d\udc49 <a class=\"decorated-link\" style=\"color: #000000;\" href=\"https:\/\/www.ufmg.br\/pos\/ecologia\/selecoes\/\" target=\"_new\" rel=\"noopener\" data-start=\"412\" data-end=\"454\">https:\/\/www.ufmg.br\/pos\/ecologia\/selecoes\/<\/a><\/span><\/p>\n<p data-start=\"456\" data-end=\"529\"><span style=\"font-size: 14px; font-family: verdana, geneva, sans-serif; color: #000000;\">\ud83d\udce7 <strong data-start=\"459\" data-end=\"471\">Contato:<\/strong> <a class=\"decorated-link cursor-pointer\" style=\"color: #000000;\" rel=\"noopener\" data-start=\"472\" data-end=\"495\">colposecmvs@icb.ufmg.br<\/a><\/span><br data-start=\"495\" data-end=\"498\" \/><span style=\"font-size: 14px; font-family: verdana, geneva, sans-serif; color: #000000;\">\ud83d\udcde <strong data-start=\"501\" data-end=\"514\">Telefone:<\/strong> (31) 3409-2569<\/span><\/p>\n<\/div>\n<p>\u00a0<\/p>\n<p>\u00a0<\/p><\/div>\n\t\t\t\t\t\t\t\t\t<div class=\"elementor-tab-title elementor-tab-mobile-title\" aria-selected=\"false\" data-tab=\"7\" role=\"tab\" tabindex=\"-1\" aria-controls=\"elementor-tab-content-2277\" aria-expanded=\"false\">Fisiologia e Farmacologia<\/div>\n\t\t\t\t\t<div id=\"elementor-tab-content-2277\" class=\"elementor-tab-content elementor-clearfix\" data-tab=\"7\" role=\"tabpanel\" aria-labelledby=\"elementor-tab-title-2277\" tabindex=\"0\" hidden=\"hidden\"><p><span style=\"font-size: 20px; color: #000000;\"><strong>Programa de P\u00f3s-gradua\u00e7\u00e3o em Fisiologia e Farmacologia<\/strong><\/span><\/p><\/div>\n\t\t\t\t\t\t\t\t\t<div class=\"elementor-tab-title elementor-tab-mobile-title\" aria-selected=\"false\" data-tab=\"8\" role=\"tab\" tabindex=\"-1\" aria-controls=\"elementor-tab-content-2278\" aria-expanded=\"false\">Gen\u00e9tica<\/div>\n\t\t\t\t\t<div id=\"elementor-tab-content-2278\" class=\"elementor-tab-content elementor-clearfix\" data-tab=\"8\" role=\"tabpanel\" aria-labelledby=\"elementor-tab-title-2278\" tabindex=\"0\" hidden=\"hidden\"><div><span style=\"font-size: 20px; color: #000000;\"><strong>Programa de P\u00f3s-gradua\u00e7\u00e3o em Gen\u00e9tica<\/strong><\/span><\/div>\n<div>\n<div><span style=\"color: #000000;\">\u00a0<\/span><\/div>\n<div>\n<p class=\"isSelectedEnd\"><span style=\"font-size: 16px; font-family: verdana, geneva, sans-serif; color: #000000;\">\ud83e\uddec\u2728 <strong>Sele\u00e7\u00e3o aberta \u2013 Mestrado e Doutorado em Gen\u00e9tica 2026!<\/strong> \u2728\ud83e\uddec<\/span><\/p>\n<p class=\"isSelectedEnd\"><span style=\"color: #000000; font-size: 14px; font-family: verdana, geneva, sans-serif;\">Se voc\u00ea quer dar o pr\u00f3ximo passo na sua trajet\u00f3ria acad\u00eamica, chegou a sua oportunidade!<\/span><\/p>\n<p class=\"isSelectedEnd\"><span style=\"color: #000000; font-size: 14px; font-family: verdana, geneva, sans-serif;\">\ud83d\udce2 Est\u00e3o abertas as inscri\u00e7\u00f5es para o processo seletivo de <strong>Mestrado e Doutorado em Gen\u00e9tica<\/strong>:<\/span><\/p>\n<p class=\"isSelectedEnd\"><span style=\"color: #000000; font-size: 14px; font-family: verdana, geneva, sans-serif;\">\ud83c\udf93 <strong>Mestrado:<\/strong> 30 vagas (fluxo cont\u00ednuo)<\/span><br \/><span style=\"color: #000000; font-size: 14px; font-family: verdana, geneva, sans-serif;\">\ud83c\udf93 <strong>Doutorado:<\/strong> 18 vagas<\/span><\/p>\n<p class=\"isSelectedEnd\"><span style=\"color: #000000; font-size: 14px; font-family: verdana, geneva, sans-serif;\">\ud83d\udcc5 <strong>Per\u00edodo de inscri\u00e7\u00e3o:<\/strong><\/span><br \/><span style=\"color: #000000; font-size: 14px; font-family: verdana, geneva, sans-serif;\">\ud83d\uddd3\ufe0f 19\/01\/2026 a 08\/02\/2026<\/span><\/p>\n<p class=\"isSelectedEnd\"><span style=\"color: #000000; font-size: 14px; font-family: verdana, geneva, sans-serif;\">\ud83d\udcc4 <strong>Acesse mais informa\u00e7\u00f5es:<\/strong><\/span><br \/><span style=\"color: #000000; font-size: 14px; font-family: verdana, geneva, sans-serif;\">\ud83d\udc49 Edital completo: <a style=\"color: #000000;\" href=\"https:\/\/www.pggenetica.icb.ufmg.br\/selecdown.php\">https:\/\/www.pggenetica.icb.ufmg.br\/selecdown.php<\/a><\/span><br \/><span style=\"color: #000000; font-size: 14px; font-family: verdana, geneva, sans-serif;\">\ud83d\udc49 Cronograma: <a style=\"color: #000000;\" href=\"https:\/\/www2.icb.ufmg.br\/napg\/wp-content\/uploads\/2026\/01\/cronograma2026-1.pdf\">https:\/\/www2.icb.ufmg.br\/napg\/wp-content\/uploads\/2026\/01\/cronograma2026-1.pdf<\/a><\/span><\/p>\n<p class=\"isSelectedEnd\"><span style=\"color: #000000; font-size: 14px; font-family: verdana, geneva, sans-serif;\">\ud83d\udce9 <strong>D\u00favidas e contato:<\/strong><\/span><br \/><span style=\"color: #000000; font-size: 14px; font-family: verdana, geneva, sans-serif;\">\u2709\ufe0f <a style=\"color: #000000;\" href=\"mailto:pg-gen@icb.ufmg.br\">pg-gen@icb.ufmg.br<\/a><\/span><br \/><span style=\"color: #000000; font-size: 14px; font-family: verdana, geneva, sans-serif;\">\u2709\ufe0f <a style=\"color: #000000;\" href=\"mailto:colposgen@icb.ufmg.br\">colposgen@icb.ufmg.br<\/a><\/span><br \/><span style=\"color: #000000; font-size: 14px; font-family: verdana, geneva, sans-serif;\">\ud83d\udcde (31) 3409-2570<\/span><\/p>\n<p><span style=\"color: #000000; font-size: 14px; font-family: verdana, geneva, sans-serif;\">\ud83d\ude80 Invista no seu futuro e fa\u00e7a parte de um programa de excel\u00eancia em pesquisa!<\/span><\/p>\n<\/div>\n<\/div><\/div>\n\t\t\t\t\t\t\t<\/div>\n\t\t<\/div>\n\t\t\t\t<\/div>\n\t\t\t\t<\/div>\n\t\t\t\t<div class=\"elementor-element elementor-element-86468ab elementor-tabs-view-horizontal elementor-widget elementor-widget-tabs\" data-id=\"86468ab\" data-element_type=\"widget\" data-widget_type=\"tabs.default\">\n\t\t\t\t<div class=\"elementor-widget-container\">\n\t\t\t\t\t<div class=\"elementor-tabs\">\n\t\t\t<div class=\"elementor-tabs-wrapper\" role=\"tablist\" >\n\t\t\t\t\t\t\t\t\t<div id=\"elementor-tab-title-1401\" class=\"elementor-tab-title elementor-tab-desktop-title\" aria-selected=\"true\" data-tab=\"1\" role=\"tab\" tabindex=\"0\" aria-controls=\"elementor-tab-content-1401\" aria-expanded=\"false\"><a href=\"\"><\/a><\/div>\n\t\t\t\t\t\t\t\t\t<div id=\"elementor-tab-title-1402\" class=\"elementor-tab-title elementor-tab-desktop-title\" aria-selected=\"false\" data-tab=\"2\" role=\"tab\" tabindex=\"-1\" aria-controls=\"elementor-tab-content-1402\" aria-expanded=\"false\"><a href=\"\">Inova\u00e7\u00e3o Tecnol\u00f3gica<\/a><\/div>\n\t\t\t\t\t\t\t\t\t<div id=\"elementor-tab-title-1403\" class=\"elementor-tab-title elementor-tab-desktop-title\" aria-selected=\"false\" data-tab=\"3\" role=\"tab\" tabindex=\"-1\" aria-controls=\"elementor-tab-content-1403\" aria-expanded=\"false\"><a href=\"\">Inova\u00e7\u00e3o Tecnol\u00f3gica e Propriedade Intelectual<\/a><\/div>\n\t\t\t\t\t\t\t\t\t<div id=\"elementor-tab-title-1404\" class=\"elementor-tab-title elementor-tab-desktop-title\" aria-selected=\"false\" data-tab=\"4\" role=\"tab\" tabindex=\"-1\" aria-controls=\"elementor-tab-content-1404\" aria-expanded=\"false\"><a href=\"\">Microbiologia<\/a><\/div>\n\t\t\t\t\t\t\t\t\t<div id=\"elementor-tab-title-1405\" class=\"elementor-tab-title elementor-tab-desktop-title\" aria-selected=\"false\" data-tab=\"5\" role=\"tab\" tabindex=\"-1\" aria-controls=\"elementor-tab-content-1405\" aria-expanded=\"false\"><a href=\"\">Neuroci\u00eancias<\/a><\/div>\n\t\t\t\t\t\t\t\t\t<div id=\"elementor-tab-title-1406\" class=\"elementor-tab-title elementor-tab-desktop-title\" aria-selected=\"false\" data-tab=\"6\" role=\"tab\" tabindex=\"-1\" aria-controls=\"elementor-tab-content-1406\" aria-expanded=\"false\"><a href=\"\">Parasitologia<\/a><\/div>\n\t\t\t\t\t\t\t\t\t<div id=\"elementor-tab-title-1407\" class=\"elementor-tab-title elementor-tab-desktop-title\" aria-selected=\"false\" data-tab=\"7\" role=\"tab\" tabindex=\"-1\" aria-controls=\"elementor-tab-content-1407\" aria-expanded=\"false\"><a href=\"\">Patologia<\/a><\/div>\n\t\t\t\t\t\t\t\t\t<div id=\"elementor-tab-title-1408\" class=\"elementor-tab-title elementor-tab-desktop-title\" aria-selected=\"false\" data-tab=\"8\" role=\"tab\" tabindex=\"-1\" aria-controls=\"elementor-tab-content-1408\" aria-expanded=\"false\"><a href=\"\">Zoologia<\/a><\/div>\n\t\t\t\t\t\t\t<\/div>\n\t\t\t<div class=\"elementor-tabs-content-wrapper\" role=\"tablist\" aria-orientation=\"vertical\">\n\t\t\t\t\t\t\t\t\t<div class=\"elementor-tab-title elementor-tab-mobile-title\" aria-selected=\"true\" data-tab=\"1\" role=\"tab\" tabindex=\"0\" aria-controls=\"elementor-tab-content-1401\" aria-expanded=\"false\"><\/div>\n\t\t\t\t\t<div id=\"elementor-tab-content-1401\" class=\"elementor-tab-content elementor-clearfix\" data-tab=\"1\" role=\"tabpanel\" aria-labelledby=\"elementor-tab-title-1401\" tabindex=\"0\" hidden=\"false\"><\/div>\n\t\t\t\t\t\t\t\t\t<div class=\"elementor-tab-title elementor-tab-mobile-title\" aria-selected=\"false\" data-tab=\"2\" role=\"tab\" tabindex=\"-1\" aria-controls=\"elementor-tab-content-1402\" aria-expanded=\"false\">Inova\u00e7\u00e3o Tecnol\u00f3gica<\/div>\n\t\t\t\t\t<div id=\"elementor-tab-content-1402\" class=\"elementor-tab-content elementor-clearfix\" data-tab=\"2\" role=\"tabpanel\" aria-labelledby=\"elementor-tab-title-1402\" tabindex=\"0\" hidden=\"hidden\"><p><span style=\"font-size: 20px; font-family: verdana, geneva, sans-serif; color: #000000;\"><strong>Programa de P\u00f3s-gradua\u00e7\u00e3o Inova\u00e7\u00e3o Tecnologica<\/strong><\/span><\/p>\n<p>\u00a0<\/p><\/div>\n\t\t\t\t\t\t\t\t\t<div class=\"elementor-tab-title elementor-tab-mobile-title\" aria-selected=\"false\" data-tab=\"3\" role=\"tab\" tabindex=\"-1\" aria-controls=\"elementor-tab-content-1403\" aria-expanded=\"false\">Inova\u00e7\u00e3o Tecnol\u00f3gica e Propriedade Intelectual<\/div>\n\t\t\t\t\t<div id=\"elementor-tab-content-1403\" class=\"elementor-tab-content elementor-clearfix\" data-tab=\"3\" role=\"tabpanel\" aria-labelledby=\"elementor-tab-title-1403\" tabindex=\"0\" hidden=\"hidden\"><p><span style=\"font-size: 20px; font-family: verdana, geneva, sans-serif; color: #000000;\"><strong>Programa de P\u00f3s-gradua\u00e7\u00e3o em Inova\u00e7\u00e3o Tecninologica e Propriedade Intectual (Mestrado Profissional)<\/strong><\/span><\/p>\n<p>\u00a0<\/p><\/div>\n\t\t\t\t\t\t\t\t\t<div class=\"elementor-tab-title elementor-tab-mobile-title\" aria-selected=\"false\" data-tab=\"4\" role=\"tab\" tabindex=\"-1\" aria-controls=\"elementor-tab-content-1404\" aria-expanded=\"false\">Microbiologia<\/div>\n\t\t\t\t\t<div id=\"elementor-tab-content-1404\" class=\"elementor-tab-content elementor-clearfix\" data-tab=\"4\" role=\"tabpanel\" aria-labelledby=\"elementor-tab-title-1404\" tabindex=\"0\" hidden=\"hidden\"><p><span style=\"font-size: 20px; font-family: verdana, geneva, sans-serif; color: #000000;\"><strong>Programa de P\u00f3s-gradua\u00e7\u00e3o em Microbiologia<\/strong><\/span><\/p>\n<div>\n<p class=\"isSelectedEnd\"><span style=\"font-size: 14px; font-family: verdana, geneva, sans-serif; color: #000000;\">\ud83e\udda0\u2728 <strong>Sele\u00e7\u00e3o 2026 \u2013 Mestrado e Doutorado em Microbiologia!<\/strong> \u2728\ud83e\udda0<\/span><\/p>\n<p class=\"isSelectedEnd\"><span style=\"font-size: 14px; font-family: verdana, geneva, sans-serif; color: #000000;\">Se voc\u00ea \u00e9 apaixonado pelo universo microsc\u00f3pico e quer atuar na fronteira da ci\u00eancia, essa oportunidade \u00e9 para voc\u00ea!<\/span><\/p>\n<p class=\"isSelectedEnd\"><span style=\"font-size: 14px; font-family: verdana, geneva, sans-serif; color: #000000;\">\ud83d\udce2 Est\u00e3o abertos os editais para <strong>Mestrado e Doutorado em Microbiologia<\/strong> \u2014 uma chance de ingressar em um programa de excel\u00eancia, com pesquisa inovadora e impacto cient\u00edfico.<\/span><\/p>\n<p class=\"isSelectedEnd\"><span style=\"font-size: 14px; font-family: verdana, geneva, sans-serif; color: #000000;\">\ud83d\udcc4 <strong>Acesse os editais:<\/strong><\/span><br \/><span style=\"font-size: 14px; font-family: verdana, geneva, sans-serif; color: #000000;\">\ud83d\udc49 Edital Regular: <a style=\"color: #000000;\" href=\"https:\/\/www2.icb.ufmg.br\/napg\/wp-content\/uploads\/2026\/01\/Microbiologiaeditalmestrad2026.pdf\">https:\/\/www2.icb.ufmg.br\/napg\/wp-content\/uploads\/2026\/01\/Microbiologiaeditalmestrad2026.pdf<\/a><\/span><br \/><span style=\"font-size: 14px; font-family: verdana, geneva, sans-serif; color: #000000;\">\ud83d\udc49 Edital Suplementar: <a style=\"color: #000000;\" href=\"https:\/\/www2.icb.ufmg.br\/napg\/wp-content\/uploads\/2026\/01\/microbiologiaeditalsuple2026.pdf\">https:\/\/www2.icb.ufmg.br\/napg\/wp-content\/uploads\/2026\/01\/microbiologiaeditalsuple2026.pdf<\/a><\/span><\/p>\n<p class=\"isSelectedEnd\"><span style=\"font-size: 14px; font-family: verdana, geneva, sans-serif; color: #000000;\">\ud83d\udd2c Amplie seus conhecimentos, desenvolva pesquisa de alto n\u00edvel e construa sua carreira acad\u00eamica!<\/span><\/p>\n<p class=\"isSelectedEnd\"><span style=\"font-size: 14px; font-family: verdana, geneva, sans-serif; color: #000000;\">\ud83d\ude80 N\u00e3o perca essa oportunidade de fazer parte da ci\u00eancia que transforma o mundo!<\/span><\/p>\n<\/div>\n<div>\n<div><span style=\"color: #000000;\"><span style=\"font-size: 14px; font-family: verdana, geneva, sans-serif;\"><strong>Informa\u00e7\u00f5es:<\/strong> e-mail: <a style=\"color: #000000;\" href=\"mailto:colposmicrob@icb.ufmg.br\" target=\"_blank\" rel=\"noopener\">colposmicrob@icb.ufmg.br<\/a>\/<\/span> contato: (31) 3409 2728<\/span><\/div>\n<\/div><\/div>\n\t\t\t\t\t\t\t\t\t<div class=\"elementor-tab-title elementor-tab-mobile-title\" aria-selected=\"false\" data-tab=\"5\" role=\"tab\" tabindex=\"-1\" aria-controls=\"elementor-tab-content-1405\" aria-expanded=\"false\">Neuroci\u00eancias<\/div>\n\t\t\t\t\t<div id=\"elementor-tab-content-1405\" class=\"elementor-tab-content elementor-clearfix\" data-tab=\"5\" role=\"tabpanel\" aria-labelledby=\"elementor-tab-title-1405\" tabindex=\"0\" hidden=\"hidden\"><p><span style=\"font-size: 20px; font-family: verdana, geneva, sans-serif; color: #000000;\"><strong>Programa de P\u00f3s-gradua\u00e7\u00e3o em Neuroci\u00eancias<\/strong><\/span><\/p>\n<p>\u00a0<\/p><\/div>\n\t\t\t\t\t\t\t\t\t<div class=\"elementor-tab-title elementor-tab-mobile-title\" aria-selected=\"false\" data-tab=\"6\" role=\"tab\" tabindex=\"-1\" aria-controls=\"elementor-tab-content-1406\" aria-expanded=\"false\">Parasitologia<\/div>\n\t\t\t\t\t<div id=\"elementor-tab-content-1406\" class=\"elementor-tab-content elementor-clearfix\" data-tab=\"6\" role=\"tabpanel\" aria-labelledby=\"elementor-tab-title-1406\" tabindex=\"0\" hidden=\"hidden\"><p><span style=\"font-size: 20px; font-family: verdana, geneva, sans-serif; color: #000000;\"><strong>Programa de P\u00f3s-gradua\u00e7\u00e3o em Parasitologia<\/strong><\/span><\/p>\n<p>\u00a0<\/p><\/div>\n\t\t\t\t\t\t\t\t\t<div class=\"elementor-tab-title elementor-tab-mobile-title\" aria-selected=\"false\" data-tab=\"7\" role=\"tab\" tabindex=\"-1\" aria-controls=\"elementor-tab-content-1407\" aria-expanded=\"false\">Patologia<\/div>\n\t\t\t\t\t<div id=\"elementor-tab-content-1407\" class=\"elementor-tab-content elementor-clearfix\" data-tab=\"7\" role=\"tabpanel\" aria-labelledby=\"elementor-tab-title-1407\" tabindex=\"0\" hidden=\"hidden\"><p><span style=\"font-size: 20px; font-family: verdana, geneva, sans-serif; color: #000000;\"><strong>Programa de P\u00f3s-gradua\u00e7\u00e3o em Patologia<\/strong><\/span><\/p>\n<p>\u00a0<\/p><\/div>\n\t\t\t\t\t\t\t\t\t<div class=\"elementor-tab-title elementor-tab-mobile-title\" aria-selected=\"false\" data-tab=\"8\" role=\"tab\" tabindex=\"-1\" aria-controls=\"elementor-tab-content-1408\" aria-expanded=\"false\">Zoologia<\/div>\n\t\t\t\t\t<div id=\"elementor-tab-content-1408\" class=\"elementor-tab-content elementor-clearfix\" data-tab=\"8\" role=\"tabpanel\" aria-labelledby=\"elementor-tab-title-1408\" tabindex=\"0\" hidden=\"hidden\"><p><span style=\"font-size: 20px; font-family: verdana, geneva, sans-serif; color: #000000;\"><strong>Programa de P\u00f3s-gradua\u00e7\u00e3o em Zoologia<\/strong><\/span><\/p><\/div>\n\t\t\t\t\t\t\t<\/div>\n\t\t<\/div>\n\t\t\t\t<\/div>\n\t\t\t\t<\/div>\n\t\t\t\t\t\t<\/div>\n\t\t\t\t\t<\/div>\n\t\t<\/div>\n\t\t\t\t<div class=\"elementor-column elementor-col-33 elementor-top-column elementor-element elementor-element-5fa414f9\" data-id=\"5fa414f9\" data-element_type=\"column\">\n\t\t\t<div class=\"elementor-column-wrap elementor-element-populated\">\n\t\t\t\t\t\t\t<div class=\"elementor-widget-wrap\">\n\t\t\t\t\t\t<div class=\"elementor-element elementor-element-7070dcb8 elementor-widget elementor-widget-sidebar\" data-id=\"7070dcb8\" data-element_type=\"widget\" data-widget_type=\"sidebar.default\">\n\t\t\t\t<div class=\"elementor-widget-container\">\n\t\t\t<section id=\"search-2\" class=\"widget widget_search\">\n<form role=\"search\" method=\"get\" class=\"search-form\" autocomplete=\"off\" action=\"https:\/\/www2.icb.ufmg.br\/napg\/\">\n    <label>\n\t<span class=\"screen-reader-text\">Search for:<\/span>\n\t<input type=\"search\" class=\"search-field\" placeholder=\"Search &hellip;\" value=\"\" name=\"s\" title=\"Search for:\" \/>\n    <\/label>\n    <input type=\"submit\" class=\"search-submit\" value=\"\"><span class=\"screen-reader-text\">Search<\/span>\n<\/form><\/section><section id=\"categories-9\" class=\"widget widget_categories\"><h2 class=\"widget-title\">Categoria<\/h2>\n\t\t\t<ul>\n\t\t\t\t\t<li class=\"cat-item cat-item-42\"><a href=\"https:\/\/www2.icb.ufmg.br\/napg\/?cat=42\">Entreterimento &#8211; Espa\u00e7o teenager<\/a>\n<\/li>\n\t<li class=\"cat-item cat-item-12\"><a href=\"https:\/\/www2.icb.ufmg.br\/napg\/?cat=12\">Eventos NAPG<\/a>\n<\/li>\n\t<li class=\"cat-item cat-item-15\"><a href=\"https:\/\/www2.icb.ufmg.br\/napg\/?cat=15\">Nossa Galeria<\/a>\n<\/li>\n\t<li class=\"cat-item cat-item-18\"><a href=\"https:\/\/www2.icb.ufmg.br\/napg\/?cat=18\">Nossos n\u00fameros<\/a>\n<\/li>\n\t<li class=\"cat-item cat-item-11\"><a href=\"https:\/\/www2.icb.ufmg.br\/napg\/?cat=11\">Nossos v\u00eddeos<\/a>\n<\/li>\n\t<li class=\"cat-item cat-item-10\"><a href=\"https:\/\/www2.icb.ufmg.br\/napg\/?cat=10\">Not\u00edcias<\/a>\n<\/li>\n\t<li class=\"cat-item cat-item-1\"><a href=\"https:\/\/www2.icb.ufmg.br\/napg\/?cat=1\">Sem categoria<\/a>\n<\/li>\n\t\t\t<\/ul>\n\n\t\t\t<\/section>\t\t<\/div>\n\t\t\t\t<\/div>\n\t\t\t\t\t\t<\/div>\n\t\t\t\t\t<\/div>\n\t\t<\/div>\n\t\t\t\t\t\t\t\t<\/div>\n\t\t\t\t\t<\/div>\n\t\t<\/section>\n\t\t\t\t<section class=\"elementor-section elementor-top-section elementor-element elementor-element-43f0ce68 elementor-section-full_width elementor-section-height-min-height elementor-section-items-top elementor-section-content-top elementor-section-height-default\" data-id=\"43f0ce68\" data-element_type=\"section\" data-settings=\"{&quot;background_background&quot;:&quot;classic&quot;}\">\n\t\t\t\t\t\t<div class=\"elementor-container elementor-column-gap-extended\">\n\t\t\t\t\t\t\t<div class=\"elementor-row\">\n\t\t\t\t\t<div class=\"elementor-column elementor-col-100 elementor-top-column elementor-element elementor-element-69bfb46d\" data-id=\"69bfb46d\" data-element_type=\"column\">\n\t\t\t<div class=\"elementor-column-wrap elementor-element-populated\">\n\t\t\t\t\t\t\t<div class=\"elementor-widget-wrap\">\n\t\t\t\t\t\t<div class=\"elementor-element elementor-element-284b587a elementor-widget elementor-widget-text-editor\" data-id=\"284b587a\" data-element_type=\"widget\" data-widget_type=\"text-editor.default\">\n\t\t\t\t<div class=\"elementor-widget-container\">\n\t\t\t\t\t\t\t\t<div class=\"elementor-text-editor elementor-clearfix\">\n\t\t\t\t<p><span style=\"color: #000000;\"><strong><img decoding=\"async\" loading=\"lazy\" class=\"wp-image-2127\" src=\"https:\/\/www2.icb.ufmg.br\/napg\/wp-content\/uploads\/2018\/08\/old-telephone1-1.png\" alt=\"\" width=\"17\" height=\"17\" \/><\/strong>\u00a0(31) 3409-2522<\/span><br \/><span style=\"color: #000000;\"><img decoding=\"async\" loading=\"lazy\" class=\"wp-image-2126\" src=\"https:\/\/www2.icb.ufmg.br\/napg\/wp-content\/uploads\/2018\/08\/black-back-closed-envelope-shape.png\" alt=\"\" width=\"15\" height=\"15\" \/>\u00a0napg@icb.ufmg.br<\/span><br \/><span style=\"color: #000000;\"><img decoding=\"async\" loading=\"lazy\" class=\"wp-image-2125\" src=\"https:\/\/www2.icb.ufmg.br\/napg\/wp-content\/uploads\/2018\/08\/locating.png\" alt=\"\" width=\"18\" height=\"18\" \/>Av. Ant\u00f4nio Carlos,\u00a0 6627 &#8211; ICB &#8211; Bloco F &#8211; 1\u00ba andar &#8211; Sala 70 &#8211; UFMG &#8211; Pampulha &#8211; 31270-901 &#8211; BH\/MG.<\/span><br \/><span style=\"color: #000000;\"><img decoding=\"async\" loading=\"lazy\" class=\"alignleft wp-image-2143\" src=\"https:\/\/www2.icb.ufmg.br\/napg\/wp-content\/uploads\/2018\/08\/car-fill-from-frontal-view.png\" alt=\"\" width=\"20\" height=\"20\" \/><a style=\"color: #000000;\" href=\"https:\/\/www2.icb.ufmg.br\/napg\/index.php\/2018\/08\/24\/como-chegar\/\">Como Chegar<\/a><\/span><\/p>\n<p><span style=\"color: #000000;\">Hor\u00e1rio de Atendimento: de segunda a sexta-feira das 8h \u00e0s 11h30 &#8211; 14h \u00e0s 16h<\/span><\/p>\t\t\t\t\t<\/div>\n\t\t\t\t\t\t<\/div>\n\t\t\t\t<\/div>\n\t\t\t\t\t\t<\/div>\n\t\t\t\t\t<\/div>\n\t\t<\/div>\n\t\t\t\t\t\t\t\t<\/div>\n\t\t\t\t\t<\/div>\n\t\t<\/section>\n\t\t\t\t\t\t<\/div>\n\t\t\t\t\t\t<\/div>\n\t\t\t\t\t<\/div>\n\t\t","protected":false},"excerpt":{"rendered":"<p>Sele\u00e7\u00e3o Programas de P\u00f3s-gradua\u00e7\u00e3o Processos Seletivos \u2013 Mestrado e Doutorado (2026) Inscri\u00e7\u00f5es abertas | Diversas \u00e1reas | Mestrado e Doutorado Bioinform\u00e1tica Biologia Celular Bioquimica e Imunologia Biologia Vegetal Ecologia Fisiologia e Farmacologia Gen\u00e9tica Bioinform\u00e1tica Programa de P\u00f3s-gradua\u00e7\u00e3o em Bioinform\u00e1tica Biologia Celular Programa de P\u00f3s-gradua\u00e7\u00e3o em Biologia Celular Sele\u00e7\u00e3o de Mestrado e Doutorado, regime de Fluxo Cont\u00ednuo \ud83d\udce2 O Programa de P\u00f3s-gradua\u00e7\u00e3o em Biologia Celular est\u00e1 comabertas as inscri\u00e7\u00f5es para o Edital Regular e Suplementar de Sele\u00e7\u00e3o 2026 \u2013 Mestrado, em regime de fluxo cont\u00ednuo. \ud83d\uddd3 Per\u00edodo de inscri\u00e7\u00e3o: de 13 a 27 de abril de 2026\ud83d\udcbb Inscri\u00e7\u00f5es online: Acesse o <a href=\"https:\/\/www2.icb.ufmg.br\/napg\/?p=16181\" class=\"more-link\">Read More<\/a><\/p>\n","protected":false},"author":1,"featured_media":0,"comment_status":"open","ping_status":"open","sticky":false,"template":"elementor_header_footer","format":"standard","meta":[],"categories":[1],"tags":[],"_links":{"self":[{"href":"https:\/\/www2.icb.ufmg.br\/napg\/index.php?rest_route=\/wp\/v2\/posts\/16181"}],"collection":[{"href":"https:\/\/www2.icb.ufmg.br\/napg\/index.php?rest_route=\/wp\/v2\/posts"}],"about":[{"href":"https:\/\/www2.icb.ufmg.br\/napg\/index.php?rest_route=\/wp\/v2\/types\/post"}],"author":[{"embeddable":true,"href":"https:\/\/www2.icb.ufmg.br\/napg\/index.php?rest_route=\/wp\/v2\/users\/1"}],"replies":[{"embeddable":true,"href":"https:\/\/www2.icb.ufmg.br\/napg\/index.php?rest_route=%2Fwp%2Fv2%2Fcomments&post=16181"}],"version-history":[{"count":698,"href":"https:\/\/www2.icb.ufmg.br\/napg\/index.php?rest_route=\/wp\/v2\/posts\/16181\/revisions"}],"predecessor-version":[{"id":23684,"href":"https:\/\/www2.icb.ufmg.br\/napg\/index.php?rest_route=\/wp\/v2\/posts\/16181\/revisions\/23684"}],"wp:attachment":[{"href":"https:\/\/www2.icb.ufmg.br\/napg\/index.php?rest_route=%2Fwp%2Fv2%2Fmedia&parent=16181"}],"wp:term":[{"taxonomy":"category","embeddable":true,"href":"https:\/\/www2.icb.ufmg.br\/napg\/index.php?rest_route=%2Fwp%2Fv2%2Fcategories&post=16181"},{"taxonomy":"post_tag","embeddable":true,"href":"https:\/\/www2.icb.ufmg.br\/napg\/index.php?rest_route=%2Fwp%2Fv2%2Ftags&post=16181"}],"curies":[{"name":"wp","href":"https:\/\/api.w.org\/{rel}","templated":true}]}}