{"id":15809,"date":"2022-06-27T14:13:06","date_gmt":"2022-06-27T17:13:06","guid":{"rendered":"https:\/\/www2.icb.ufmg.br\/napg\/?p=15809"},"modified":"2022-11-24T10:39:07","modified_gmt":"2022-11-24T13:39:07","slug":"quiz-abioticos-e-bioticos","status":"publish","type":"post","link":"https:\/\/www2.icb.ufmg.br\/napg\/?p=15809","title":{"rendered":"Quiz &#8211; Abi\u00f3ticos e Bi\u00f3ticos"},"content":{"rendered":"\t\t<div data-elementor-type=\"wp-post\" data-elementor-id=\"15809\" class=\"elementor elementor-15809\" data-elementor-settings=\"[]\">\n\t\t\t\t\t\t<div class=\"elementor-inner\">\n\t\t\t\t\t\t\t<div class=\"elementor-section-wrap\">\n\t\t\t\t\t\t\t<section class=\"elementor-section elementor-top-section elementor-element elementor-element-635b0ef5 elementor-section-full_width elementor-section-height-min-height elementor-section-items-top elementor-section-content-top elementor-section-stretched elementor-section-height-default\" data-id=\"635b0ef5\" data-element_type=\"section\" data-settings=\"{&quot;stretch_section&quot;:&quot;section-stretched&quot;}\">\n\t\t\t\t\t\t<div class=\"elementor-container elementor-column-gap-extended\">\n\t\t\t\t\t\t\t<div class=\"elementor-row\">\n\t\t\t\t\t<div class=\"elementor-column elementor-col-100 elementor-top-column elementor-element elementor-element-5d45aef\" data-id=\"5d45aef\" data-element_type=\"column\">\n\t\t\t<div class=\"elementor-column-wrap elementor-element-populated\">\n\t\t\t\t\t\t\t<div class=\"elementor-widget-wrap\">\n\t\t\t\t\t\t<div class=\"elementor-element elementor-element-b773f30 elementor-widget elementor-widget-heading\" data-id=\"b773f30\" data-element_type=\"widget\" data-widget_type=\"heading.default\">\n\t\t\t\t<div class=\"elementor-widget-container\">\n\t\t\t<h2 class=\"elementor-heading-title elementor-size-default\">Abi\u00f3ticos e Bi\u00f3ticos<\/h2>\t\t<\/div>\n\t\t\t\t<\/div>\n\t\t\t\t\t\t<\/div>\n\t\t\t\t\t<\/div>\n\t\t<\/div>\n\t\t\t\t\t\t\t\t<\/div>\n\t\t\t\t\t<\/div>\n\t\t<\/section>\n\t\t\t\t<section class=\"elementor-section elementor-top-section elementor-element elementor-element-151543aa elementor-section-full_width elementor-section-height-min-height elementor-section-items-top elementor-section-content-top elementor-section-stretched elementor-section-height-default\" data-id=\"151543aa\" data-element_type=\"section\" data-settings=\"{&quot;stretch_section&quot;:&quot;section-stretched&quot;}\">\n\t\t\t\t\t\t<div class=\"elementor-container elementor-column-gap-extended\">\n\t\t\t\t\t\t\t<div class=\"elementor-row\">\n\t\t\t\t\t<div class=\"elementor-column elementor-col-66 elementor-top-column elementor-element elementor-element-5e5bdc5f\" data-id=\"5e5bdc5f\" data-element_type=\"column\">\n\t\t\t<div class=\"elementor-column-wrap elementor-element-populated\">\n\t\t\t\t\t\t\t<div class=\"elementor-widget-wrap\">\n\t\t\t\t\t\t<div class=\"elementor-element elementor-element-82b6624 elementor-widget elementor-widget-shortcode\" data-id=\"82b6624\" data-element_type=\"widget\" data-widget_type=\"shortcode.default\">\n\t\t\t\t<div class=\"elementor-widget-container\">\n\t\t\t\t\t<div class=\"elementor-shortcode\"><script>\n                            if (window.qmn_quiz_data === undefined) {\n                                    window.qmn_quiz_data = new Object();\n                            }\n                    <\/script><script>window.qmn_quiz_data[\"24\"] = {\"quiz_id\":\"24\",\"quiz_name\":\"Abi\\u00f3ticos e Bi\\u00f3ticos\",\"disable_answer\":\"0\",\"ajax_show_correct\":\"0\",\"progress_bar\":\"1\",\"contact_info_location\":\"0\",\"qpages\":{\"2\":{\"id\":\"2\",\"quizID\":\"24\",\"pagekey\":\"qm7uAZjG\",\"hide_prevbtn\":\"0\"},\"3\":{\"id\":\"3\",\"quizID\":\"24\",\"pagekey\":\"4B7Ub4E9\",\"hide_prevbtn\":\"0\"}},\"skip_validation_time_expire\":\"0\",\"timer_limit_val\":0,\"disable_scroll_next_previous_click\":\"0\",\"disable_first_page\":\"0\",\"enable_result_after_timer_end\":\"0\",\"enable_quick_result_mc\":\"1\",\"end_quiz_if_wrong\":\"0\",\"form_disable_autofill\":\"0\",\"disable_mathjax\":0,\"enable_quick_correct_answer_info\":\"2\",\"quick_result_correct_answer_text\":\"Correto! Voc\\u00ea selecionou a resposta correta\",\"quick_result_wrong_answer_text\":\"Errado! Voc\\u00ea selecionou a resposta errada.\",\"quiz_processing_message\":\"\",\"not_allow_after_expired_time\":\"\",\"scheduled_time_end\":false,\"error_messages\":{\"email_error_text\":\"N\\u00e3o \\u00e9 um endere\\u00e7o de e-mail v\\u00e1lido!\",\"number_error_text\":\"Este campo deve ser um n\\u00famero!\",\"incorrect_error_text\":\"O texto digitado n\\u00e3o est\\u00e1 correto!\",\"empty_error_text\":\"Por favor, preencha todos os campos obrigat\\u00f3rios!\",\"url_error_text\":\"The entered URL is not valid!\",\"minlength_error_text\":\"Required atleast %minlength% characters.\",\"maxlength_error_text\":\"Maximum %maxlength% characters allowed.\"},\"first_page\":true}\n                    <\/script><div class='qsm-quiz-container qsm-quiz-container-24 qmn_quiz_container mlw_qmn_quiz  quiz_theme_default  '>\n\t\t\t\t\t<form name=\"quizForm24\" id=\"quizForm24\" action=\"\/napg\/index.php?rest_route=%2Fwp%2Fv2%2Fposts%2F15809\" method=\"POST\" class=\"qsm-quiz-form qmn_quiz_form mlw_quiz_form\" novalidate enctype=\"multipart\/form-data\">\n\t\t\t\t<input type=\"hidden\" name=\"qsm_hidden_questions\" id=\"qsm_hidden_questions\" value=\"\">\n\t\t\t\t<div id=\"mlw_error_message\" class=\"qsm-error-message qmn_error_message_section\"><\/div>\n\t\t\t\t<span id=\"mlw_top_of_quiz\"><\/span>\n\t\t\t\t\t\t\t<section class=\"qsm-page \">\n\t\t\t\t<div class=\"quiz_section quiz_begin\">\n\t\t\t\t\t<div class='qsm-before-message mlw_qmn_message_before'>\n\t\t\t<p><img decoding=\"async\" src=\"https:\/\/static.todamateria.com.br\/upload\/fa\/to\/fatoresbioticoseabioticos.jpg\" alt=\"fatores bi\u00f3ticos e abi\u00f3ticos\" \/><br \/>\n<span style=\"font-size: 12px\">Fonte: https:\/\/www.todamateria.com.br\/fatores-bioticos-e-abioticos\/<\/span><\/p>\n<p><strong><span style=\"font-size: 20px\">Bem-vindo ao\u00a0 Quiz - Abi\u00f3ticos e Bi\u00f3ticos<\/span><\/strong><\/p>\n\t\t\t\t\t<\/div>\n\t\t\t\t\t\t\t<\/div>\n\t\t\t<\/section>\n\t\t\t\t\t\t\t<section class=\"qsm-page  qsm-page-2\"\n\t\t\t\t\t\tdata-pid=\"2\" data-prevbtn=\"0\" style='display: none;'>\n\t\t\t\t\t\t\t\t\t\t\t\t\t\t<div class='quiz_section qsm-question-wrapper question-section-id-122 ' data-qid='122'>\n\t\t\t\t\t\t\t<div class='mlw_qmn_new_question'>1) (CieBio 2022) Assinale a alternativa que n\u00e3o representa um exemplo de Fatores Abi\u00f3ticos <\/div>\n\t\t\t<div class='mlw_qmn_question  qsm_remove_bold' >\n\t\t<p><\/p>\n\t<\/div>\n\t\t<div class='qmn_radio_answers '>\n\t\t\t\t\t\t\t\t<div class=\"qmn_mc_answer_wrap \" id=\"question122-1 \">\n\t\t\t\t\t\t\t\t\t\t\t<input type='radio' class='qmn_quiz_radio' name=\"question122\" id=\"question122_1\" value=\"0\" \/>\n\t\t\t\t\t<label class=\"qsm-input-label\" for=\"question122_1\">\n\t\t\t\t\ta) ambiente f\u00edsico (\u00e1gua, solo, atmosfera)\t\t\t\t\t<\/label>\n\t\t\t\t\t \t\t\t\t<\/div>\n\t\t\t\t\t\t\t\t\t\t\t<div class=\"qmn_mc_answer_wrap \" id=\"question122-2 \">\n\t\t\t\t\t\t\t\t\t\t\t<input type='radio' class='qmn_quiz_radio' name=\"question122\" id=\"question122_2\" value=\"1\" \/>\n\t\t\t\t\t<label class=\"qsm-input-label\" for=\"question122_2\">\n\t\t\t\t\tb) radia\u00e7\u00e3o solar,\t\t\t\t\t<\/label>\n\t\t\t\t\t \t\t\t\t<\/div>\n\t\t\t\t\t\t\t\t\t\t\t<div class=\"qmn_mc_answer_wrap \" id=\"question122-3 \">\n\t\t\t\t\t\t\t\t\t\t\t<input type='radio' class='qmn_quiz_radio' name=\"question122\" id=\"question122_3\" value=\"2\" \/>\n\t\t\t\t\t<label class=\"qsm-input-label\" for=\"question122_3\">\n\t\t\t\t\tc) temperatura,\t\t\t\t\t<\/label>\n\t\t\t\t\t \t\t\t\t<\/div>\n\t\t\t\t\t\t\t\t\t\t\t<div class=\"qmn_mc_answer_wrap \" id=\"question122-4 \">\n\t\t\t\t\t\t\t\t\t\t\t<input type='radio' class='qmn_quiz_radio' name=\"question122\" id=\"question122_4\" value=\"3\" \/>\n\t\t\t\t\t<label class=\"qsm-input-label\" for=\"question122_4\">\n\t\t\t\t\td) pH e umidade,\t\t\t\t\t<\/label>\n\t\t\t\t\t \t\t\t\t<\/div>\n\t\t\t\t\t\t\t\t\t\t\t<div class=\"qmn_mc_answer_wrap \" id=\"question122-5 \">\n\t\t\t\t\t\t\t\t\t\t\t<input type='radio' class='qmn_quiz_radio' name=\"question122\" id=\"question122_5\" value=\"4\" \/>\n\t\t\t\t\t<label class=\"qsm-input-label\" for=\"question122_5\">\n\t\t\t\t\te) fungos\t\t\t\t\t<\/label>\n\t\t\t\t\t \t\t\t\t<\/div>\n\t\t\t\t\t\t\t\t<input type=\"radio\" style=\"display: none;\" name=\"question122\" id=\"question122_none\" checked=\"checked\" value=\"\" \/>\n\t\t\t\t<\/div>\n\t\t\t\t\t\t\t<\/div>\n\t\t\t\t\t\t\t\t\t\t\t<div class='quiz_section qsm-question-wrapper question-section-id-123 ' data-qid='123'>\n\t\t\t\t\t\t\t<div class='mlw_qmn_new_question'>2) (CieBio 2022) N\u00e3o \u00e9 um exemplo de Fatores abi\u00f3ticos que afetam o solo <\/div>\n\t\t\t<div class='mlw_qmn_question  qsm_remove_bold' >\n\t\t<p><\/p>\n\t<\/div>\n\t\t<div class='qmn_radio_answers '>\n\t\t\t\t\t\t\t\t<div class=\"qmn_mc_answer_wrap \" id=\"question123-1 \">\n\t\t\t\t\t\t\t\t\t\t\t<input type='radio' class='qmn_quiz_radio' name=\"question123\" id=\"question123_1\" value=\"0\" \/>\n\t\t\t\t\t<label class=\"qsm-input-label\" for=\"question123_1\">\n\t\t\t\t\ta) clima,\t\t\t\t\t<\/label>\n\t\t\t\t\t \t\t\t\t<\/div>\n\t\t\t\t\t\t\t\t\t\t\t<div class=\"qmn_mc_answer_wrap \" id=\"question123-2 \">\n\t\t\t\t\t\t\t\t\t\t\t<input type='radio' class='qmn_quiz_radio' name=\"question123\" id=\"question123_2\" value=\"1\" \/>\n\t\t\t\t\t<label class=\"qsm-input-label\" for=\"question123_2\">\n\t\t\t\t\tb) rocha subjacente,\t\t\t\t\t<\/label>\n\t\t\t\t\t \t\t\t\t<\/div>\n\t\t\t\t\t\t\t\t\t\t\t<div class=\"qmn_mc_answer_wrap \" id=\"question123-3 \">\n\t\t\t\t\t\t\t\t\t\t\t<input type='radio' class='qmn_quiz_radio' name=\"question123\" id=\"question123_3\" value=\"2\" \/>\n\t\t\t\t\t<label class=\"qsm-input-label\" for=\"question123_3\">\n\t\t\t\t\tc) topografia local\t\t\t\t\t<\/label>\n\t\t\t\t\t \t\t\t\t<\/div>\n\t\t\t\t\t\t\t\t\t\t\t<div class=\"qmn_mc_answer_wrap \" id=\"question123-4 \">\n\t\t\t\t\t\t\t\t\t\t\t<input type='radio' class='qmn_quiz_radio' name=\"question123\" id=\"question123_4\" value=\"3\" \/>\n\t\t\t\t\t<label class=\"qsm-input-label\" for=\"question123_4\">\n\t\t\t\t\td) bact\u00e9rias nitrificantes\t\t\t\t\t<\/label>\n\t\t\t\t\t \t\t\t\t<\/div>\n\t\t\t\t\t\t\t\t\t\t\t<div class=\"qmn_mc_answer_wrap \" id=\"question123-5 \">\n\t\t\t\t\t\t\t\t\t\t\t<input type='radio' class='qmn_quiz_radio' name=\"question123\" id=\"question123_5\" value=\"4\" \/>\n\t\t\t\t\t<label class=\"qsm-input-label\" for=\"question123_5\">\n\t\t\t\t\td) minerais\t\t\t\t\t<\/label>\n\t\t\t\t\t \t\t\t\t<\/div>\n\t\t\t\t\t\t\t\t<input type=\"radio\" style=\"display: none;\" name=\"question123\" id=\"question123_none\" checked=\"checked\" value=\"\" \/>\n\t\t\t\t<\/div>\n\t\t\t\t\t\t\t<\/div>\n\t\t\t\t\t\t\t\t\t\t\t<div class='quiz_section qsm-question-wrapper question-section-id-124 ' data-qid='124'>\n\t\t\t\t\t\t\t<div class='mlw_qmn_new_question'>3) (CieBio 2022) Os Fatores abi\u00f3ticos podem ser f\u00edsicos ou qu\u00edmicos. Assinale a alternativa ERRADA <\/div>\n\t\t\t<div class='mlw_qmn_question  qsm_remove_bold' >\n\t\t<p><\/p>\n\t<\/div>\n\t\t<div class='qmn_radio_answers '>\n\t\t\t\t\t\t\t\t<div class=\"qmn_mc_answer_wrap \" id=\"question124-1 \">\n\t\t\t\t\t\t\t\t\t\t\t<input type='radio' class='qmn_quiz_radio' name=\"question124\" id=\"question124_1\" value=\"0\" \/>\n\t\t\t\t\t<label class=\"qsm-input-label\" for=\"question124_1\">\n\t\t\t\t\ta) A radia\u00e7\u00e3o solar \u00e9 um fator f\u00edsico dos ecossistemas e interfere em outros fatores f\u00edsicos como temperatura, umidade e pluviosidade de uma regi\u00e3o.\t\t\t\t\t<\/label>\n\t\t\t\t\t \t\t\t\t<\/div>\n\t\t\t\t\t\t\t\t\t\t\t<div class=\"qmn_mc_answer_wrap \" id=\"question124-2 \">\n\t\t\t\t\t\t\t\t\t\t\t<input type='radio' class='qmn_quiz_radio' name=\"question124\" id=\"question124_2\" value=\"1\" \/>\n\t\t\t\t\t<label class=\"qsm-input-label\" for=\"question124_2\">\n\t\t\t\t\tb) A atmosfera \u00e9 fundamental para a biosfera\t\t\t\t\t<\/label>\n\t\t\t\t\t \t\t\t\t<\/div>\n\t\t\t\t\t\t\t\t\t\t\t<div class=\"qmn_mc_answer_wrap \" id=\"question124-3 \">\n\t\t\t\t\t\t\t\t\t\t\t<input type='radio' class='qmn_quiz_radio' name=\"question124\" id=\"question124_3\" value=\"2\" \/>\n\t\t\t\t\t<label class=\"qsm-input-label\" for=\"question124_3\">\n\t\t\t\t\tc) A atmosfera cont\u00e9m gases essenciais para a vida, impede que a Terra perca calor, atuando como um \u201ccobertor\u201d ou como uma estufa.\t\t\t\t\t<\/label>\n\t\t\t\t\t \t\t\t\t<\/div>\n\t\t\t\t\t\t\t\t\t\t\t<div class=\"qmn_mc_answer_wrap \" id=\"question124-4 \">\n\t\t\t\t\t\t\t\t\t\t\t<input type='radio' class='qmn_quiz_radio' name=\"question124\" id=\"question124_4\" value=\"3\" \/>\n\t\t\t\t\t<label class=\"qsm-input-label\" for=\"question124_4\">\n\t\t\t\t\td) Os organismos aut\u00f3trofos s\u00e3o fatores abi\u00f3ticos\t\t\t\t\t<\/label>\n\t\t\t\t\t \t\t\t\t<\/div>\n\t\t\t\t\t\t\t\t\t\t\t<div class=\"qmn_mc_answer_wrap \" id=\"question124-5 \">\n\t\t\t\t\t\t\t\t\t\t\t<input type='radio' class='qmn_quiz_radio' name=\"question124\" id=\"question124_5\" value=\"4\" \/>\n\t\t\t\t\t<label class=\"qsm-input-label\" for=\"question124_5\">\n\t\t\t\t\te) g\u00e1s carb\u00f4nico e o vapor d\u2019\u00e1gua \u00e3o fatores abi\u00f3ticos\t\t\t\t\t<\/label>\n\t\t\t\t\t \t\t\t\t<\/div>\n\t\t\t\t\t\t\t\t<input type=\"radio\" style=\"display: none;\" name=\"question124\" id=\"question124_none\" checked=\"checked\" value=\"\" \/>\n\t\t\t\t<\/div>\n\t\t\t\t\t\t\t<\/div>\n\t\t\t\t\t\t\t\t\t\t\t<div class='quiz_section qsm-question-wrapper question-section-id-125 ' data-qid='125'>\n\t\t\t\t\t\t\t<div class='mlw_qmn_new_question'>4. Sobre os fatores abi\u00f3ticos e bi\u00f3ticos analise os itens: I Abi\u00f3ticos, que em conjunto constituem o bi\u00f3topo: ambiente f\u00edsico (ar, \u00e1gua e solo) e fatores qu\u00edmicos e f\u00edsicos. II - Bi\u00f3ticos, que s\u00e3o representados pelos seres vivos que comp\u00f5em a comunidade bi\u00f3tica ou biocenose. Est\u00e1(\u00e3o) correto(s) <\/div>\n\t\t\t<div class='mlw_qmn_question  qsm_remove_bold' >\n\t\t<p><\/p>\n\t<\/div>\n\t\t<div class='qmn_radio_answers '>\n\t\t\t\t\t\t\t\t<div class=\"qmn_mc_answer_wrap \" id=\"question125-1 \">\n\t\t\t\t\t\t\t\t\t\t\t<input type='radio' class='qmn_quiz_radio' name=\"question125\" id=\"question125_1\" value=\"0\" \/>\n\t\t\t\t\t<label class=\"qsm-input-label\" for=\"question125_1\">\n\t\t\t\t\ta) somente I\t\t\t\t\t<\/label>\n\t\t\t\t\t \t\t\t\t<\/div>\n\t\t\t\t\t\t\t\t\t\t\t<div class=\"qmn_mc_answer_wrap \" id=\"question125-2 \">\n\t\t\t\t\t\t\t\t\t\t\t<input type='radio' class='qmn_quiz_radio' name=\"question125\" id=\"question125_2\" value=\"1\" \/>\n\t\t\t\t\t<label class=\"qsm-input-label\" for=\"question125_2\">\n\t\t\t\t\tb) somente II\t\t\t\t\t<\/label>\n\t\t\t\t\t \t\t\t\t<\/div>\n\t\t\t\t\t\t\t\t\t\t\t<div class=\"qmn_mc_answer_wrap \" id=\"question125-3 \">\n\t\t\t\t\t\t\t\t\t\t\t<input type='radio' class='qmn_quiz_radio' name=\"question125\" id=\"question125_3\" value=\"2\" \/>\n\t\t\t\t\t<label class=\"qsm-input-label\" for=\"question125_3\">\n\t\t\t\t\tc) I e II\t\t\t\t\t<\/label>\n\t\t\t\t\t \t\t\t\t<\/div>\n\t\t\t\t\t\t\t\t\t\t\t<div class=\"qmn_mc_answer_wrap \" id=\"question125-4 \">\n\t\t\t\t\t\t\t\t\t\t\t<input type='radio' class='qmn_quiz_radio' name=\"question125\" id=\"question125_4\" value=\"3\" \/>\n\t\t\t\t\t<label class=\"qsm-input-label\" for=\"question125_4\">\n\t\t\t\t\td) nenhum dos itens\t\t\t\t\t<\/label>\n\t\t\t\t\t \t\t\t\t<\/div>\n\t\t\t\t\t\t\t\t<input type=\"radio\" style=\"display: none;\" name=\"question125\" id=\"question125_none\" checked=\"checked\" value=\"\" \/>\n\t\t\t\t<\/div>\n\t\t\t\t\t\t\t<\/div>\n\t\t\t\t\t\t\t\t\t\t\t<div class='quiz_section qsm-question-wrapper question-section-id-126 ' data-qid='126'>\n\t\t\t\t\t\t\t<div class='mlw_qmn_new_question'>5) (CieBio 2022) Os fatores abi\u00f3ticos mais importantes na determina\u00e7\u00e3o da distribui\u00e7\u00e3o dos seres vivos no ambiente marinho s\u00e3o, EXCETO: <\/div>\n\t\t\t<div class='mlw_qmn_question  qsm_remove_bold' >\n\t\t<p><\/p>\n\t<\/div>\n\t\t<div class='qmn_radio_answers '>\n\t\t\t\t\t\t\t\t<div class=\"qmn_mc_answer_wrap \" id=\"question126-1 \">\n\t\t\t\t\t\t\t\t\t\t\t<input type='radio' class='qmn_quiz_radio' name=\"question126\" id=\"question126_1\" value=\"0\" \/>\n\t\t\t\t\t<label class=\"qsm-input-label\" for=\"question126_1\">\n\t\t\t\t\ta) press\u00e3o,\t\t\t\t\t<\/label>\n\t\t\t\t\t \t\t\t\t<\/div>\n\t\t\t\t\t\t\t\t\t\t\t<div class=\"qmn_mc_answer_wrap \" id=\"question126-2 \">\n\t\t\t\t\t\t\t\t\t\t\t<input type='radio' class='qmn_quiz_radio' name=\"question126\" id=\"question126_2\" value=\"1\" \/>\n\t\t\t\t\t<label class=\"qsm-input-label\" for=\"question126_2\">\n\t\t\t\t\tb) luz,\t\t\t\t\t<\/label>\n\t\t\t\t\t \t\t\t\t<\/div>\n\t\t\t\t\t\t\t\t\t\t\t<div class=\"qmn_mc_answer_wrap \" id=\"question126-3 \">\n\t\t\t\t\t\t\t\t\t\t\t<input type='radio' class='qmn_quiz_radio' name=\"question126\" id=\"question126_3\" value=\"2\" \/>\n\t\t\t\t\t<label class=\"qsm-input-label\" for=\"question126_3\">\n\t\t\t\t\tc) salinidade\t\t\t\t\t<\/label>\n\t\t\t\t\t \t\t\t\t<\/div>\n\t\t\t\t\t\t\t\t\t\t\t<div class=\"qmn_mc_answer_wrap \" id=\"question126-4 \">\n\t\t\t\t\t\t\t\t\t\t\t<input type='radio' class='qmn_quiz_radio' name=\"question126\" id=\"question126_4\" value=\"3\" \/>\n\t\t\t\t\t<label class=\"qsm-input-label\" for=\"question126_4\">\n\t\t\t\t\td) temperatura\t\t\t\t\t<\/label>\n\t\t\t\t\t \t\t\t\t<\/div>\n\t\t\t\t\t\t\t\t\t\t\t<div class=\"qmn_mc_answer_wrap \" id=\"question126-5 \">\n\t\t\t\t\t\t\t\t\t\t\t<input type='radio' class='qmn_quiz_radio' name=\"question126\" id=\"question126_5\" value=\"4\" \/>\n\t\t\t\t\t<label class=\"qsm-input-label\" for=\"question126_5\">\n\t\t\t\t\te) algas\t\t\t\t\t<\/label>\n\t\t\t\t\t \t\t\t\t<\/div>\n\t\t\t\t\t\t\t\t<input type=\"radio\" style=\"display: none;\" name=\"question126\" id=\"question126_none\" checked=\"checked\" value=\"\" \/>\n\t\t\t\t<\/div>\n\t\t\t\t\t\t\t<\/div>\n\t\t\t\t\t\t\t\t\t<\/section>\n\t\t\t\t\t\t\t\t<section class=\"qsm-page  qsm-page-3\"\n\t\t\t\t\t\tdata-pid=\"3\" data-prevbtn=\"0\" style='display: none;'>\n\t\t\t\t\t\t\t\t\t\t\t\t\t\t<div class='quiz_section qsm-question-wrapper question-section-id-127 ' data-qid='127'>\n\t\t\t\t\t\t\t<div class='mlw_qmn_new_question'>6) (CieBio 2022) Os fatores Abi\u00f3ticos: compreendem os elementos n\u00e3o-vivos do meio. N\u00e3o \u00e9 um exemplo desses fatores: <\/div>\n\t\t\t<div class='mlw_qmn_question  qsm_remove_bold' >\n\t\t<p><\/p>\n\t<\/div>\n\t\t<div class='qmn_radio_answers '>\n\t\t\t\t\t\t\t\t<div class=\"qmn_mc_answer_wrap \" id=\"question127-1 \">\n\t\t\t\t\t\t\t\t\t\t\t<input type='radio' class='qmn_quiz_radio' name=\"question127\" id=\"question127_1\" value=\"0\" \/>\n\t\t\t\t\t<label class=\"qsm-input-label\" for=\"question127_1\">\n\t\t\t\t\ta) f\u00edsicos,\t\t\t\t\t<\/label>\n\t\t\t\t\t \t\t\t\t<\/div>\n\t\t\t\t\t\t\t\t\t\t\t<div class=\"qmn_mc_answer_wrap \" id=\"question127-2 \">\n\t\t\t\t\t\t\t\t\t\t\t<input type='radio' class='qmn_quiz_radio' name=\"question127\" id=\"question127_2\" value=\"1\" \/>\n\t\t\t\t\t<label class=\"qsm-input-label\" for=\"question127_2\">\n\t\t\t\t\tb) qu\u00edmicos\t\t\t\t\t<\/label>\n\t\t\t\t\t \t\t\t\t<\/div>\n\t\t\t\t\t\t\t\t\t\t\t<div class=\"qmn_mc_answer_wrap \" id=\"question127-3 \">\n\t\t\t\t\t\t\t\t\t\t\t<input type='radio' class='qmn_quiz_radio' name=\"question127\" id=\"question127_3\" value=\"2\" \/>\n\t\t\t\t\t<label class=\"qsm-input-label\" for=\"question127_3\">\n\t\t\t\t\tc) ed\u00e1ficos\t\t\t\t\t<\/label>\n\t\t\t\t\t \t\t\t\t<\/div>\n\t\t\t\t\t\t\t\t\t\t\t<div class=\"qmn_mc_answer_wrap \" id=\"question127-4 \">\n\t\t\t\t\t\t\t\t\t\t\t<input type='radio' class='qmn_quiz_radio' name=\"question127\" id=\"question127_4\" value=\"3\" \/>\n\t\t\t\t\t<label class=\"qsm-input-label\" for=\"question127_4\">\n\t\t\t\t\td) bi\u00f3ticos\t\t\t\t\t<\/label>\n\t\t\t\t\t \t\t\t\t<\/div>\n\t\t\t\t\t\t\t\t\t\t\t<div class=\"qmn_mc_answer_wrap \" id=\"question127-5 \">\n\t\t\t\t\t\t\t\t\t\t\t<input type='radio' class='qmn_quiz_radio' name=\"question127\" id=\"question127_5\" value=\"4\" \/>\n\t\t\t\t\t<label class=\"qsm-input-label\" for=\"question127_5\">\n\t\t\t\t\te) f\u00edsico-qu\u00edmico\t\t\t\t\t<\/label>\n\t\t\t\t\t \t\t\t\t<\/div>\n\t\t\t\t\t\t\t\t<input type=\"radio\" style=\"display: none;\" name=\"question127\" id=\"question127_none\" checked=\"checked\" value=\"\" \/>\n\t\t\t\t<\/div>\n\t\t\t\t\t\t\t<\/div>\n\t\t\t\t\t\t\t\t\t\t\t<div class='quiz_section qsm-question-wrapper question-section-id-128 ' data-qid='128'>\n\t\t\t\t\t\t\t<div class='mlw_qmn_new_question'>7) (CieBio 2022) Assinale a alternativa ERRADA <\/div>\n\t\t\t<div class='mlw_qmn_question  qsm_remove_bold' >\n\t\t<p><\/p>\n\t<\/div>\n\t\t<div class='qmn_radio_answers '>\n\t\t\t\t\t\t\t\t<div class=\"qmn_mc_answer_wrap \" id=\"question128-1 \">\n\t\t\t\t\t\t\t\t\t\t\t<input type='radio' class='qmn_quiz_radio' name=\"question128\" id=\"question128_1\" value=\"0\" \/>\n\t\t\t\t\t<label class=\"qsm-input-label\" for=\"question128_1\">\n\t\t\t\t\ta) Fatores Abi\u00f3ticos em conjunto constituem o bi\u00f3topo: ambiente f\u00edsico e fatores qu\u00edmicos e f\u00edsicos.\t\t\t\t\t<\/label>\n\t\t\t\t\t \t\t\t\t<\/div>\n\t\t\t\t\t\t\t\t\t\t\t<div class=\"qmn_mc_answer_wrap \" id=\"question128-2 \">\n\t\t\t\t\t\t\t\t\t\t\t<input type='radio' class='qmn_quiz_radio' name=\"question128\" id=\"question128_2\" value=\"1\" \/>\n\t\t\t\t\t<label class=\"qsm-input-label\" for=\"question128_2\">\n\t\t\t\t\tb) A radia\u00e7\u00e3o solar \u00e9 um dos principais fatores abi\u00f3ticos dos ecossistemas terrestres.\t\t\t\t\t<\/label>\n\t\t\t\t\t \t\t\t\t<\/div>\n\t\t\t\t\t\t\t\t\t\t\t<div class=\"qmn_mc_answer_wrap \" id=\"question128-3 \">\n\t\t\t\t\t\t\t\t\t\t\t<input type='radio' class='qmn_quiz_radio' name=\"question128\" id=\"question128_3\" value=\"2\" \/>\n\t\t\t\t\t<label class=\"qsm-input-label\" for=\"question128_3\">\n\t\t\t\t\tc) Fatores Abi\u00f3ticos - representados pelos seres vivos que comp\u00f5em a comunidade bi\u00f3tica ou biocenoses.\t\t\t\t\t<\/label>\n\t\t\t\t\t \t\t\t\t<\/div>\n\t\t\t\t\t\t\t\t\t\t\t<div class=\"qmn_mc_answer_wrap \" id=\"question128-4 \">\n\t\t\t\t\t\t\t\t\t\t\t<input type='radio' class='qmn_quiz_radio' name=\"question128\" id=\"question128_4\" value=\"3\" \/>\n\t\t\t\t\t<label class=\"qsm-input-label\" for=\"question128_4\">\n\t\t\t\t\td) Compreendem os fatores bi\u00f3ticos os organismos heter\u00f3trofos dependentes da mat\u00e9ria org\u00e2nica e os autotr\u00f3ficos respons\u00e1veis pela produ\u00e7\u00e3o prim\u00e1ria, ou seja, a fixa\u00e7\u00e3o do CO2.\t\t\t\t\t<\/label>\n\t\t\t\t\t \t\t\t\t<\/div>\n\t\t\t\t\t\t\t\t\t\t\t<div class=\"qmn_mc_answer_wrap \" id=\"question128-5 \">\n\t\t\t\t\t\t\t\t\t\t\t<input type='radio' class='qmn_quiz_radio' name=\"question128\" id=\"question128_5\" value=\"4\" \/>\n\t\t\t\t\t<label class=\"qsm-input-label\" for=\"question128_5\">\n\t\t\t\t\te) No estudo dos fatores abi\u00f3ticos, isoladamente, \u00e9 importante entender seu efeito sobre os seres vivos, como fator limitante, e de que modo os seres vivos a eles se adaptam\t\t\t\t\t<\/label>\n\t\t\t\t\t \t\t\t\t<\/div>\n\t\t\t\t\t\t\t\t<input type=\"radio\" style=\"display: none;\" name=\"question128\" id=\"question128_none\" checked=\"checked\" value=\"\" \/>\n\t\t\t\t<\/div>\n\t\t\t\t\t\t\t<\/div>\n\t\t\t\t\t\t\t\t\t\t\t<div class='quiz_section qsm-question-wrapper question-section-id-129 ' data-qid='129'>\n\t\t\t\t\t\t\t<div class='mlw_qmn_new_question'>8) (Ciebio 2022) Sobre os fatores abi\u00f3ticos \u00e9 INCORRETO afirmar que: <\/div>\n\t\t\t<div class='mlw_qmn_question  qsm_remove_bold' >\n\t\t<p><\/p>\n\t<\/div>\n\t\t<div class='qmn_radio_answers '>\n\t\t\t\t\t\t\t\t<div class=\"qmn_mc_answer_wrap \" id=\"question129-1 \">\n\t\t\t\t\t\t\t\t\t\t\t<input type='radio' class='qmn_quiz_radio' name=\"question129\" id=\"question129_1\" value=\"0\" \/>\n\t\t\t\t\t<label class=\"qsm-input-label\" for=\"question129_1\">\n\t\t\t\t\ta) Os fatores abi\u00f3ticos s\u00e3o a biocenose que se destacam a composi\u00e7\u00e3o da popula\u00e7\u00e3o local\t\t\t\t\t<\/label>\n\t\t\t\t\t \t\t\t\t<\/div>\n\t\t\t\t\t\t\t\t\t\t\t<div class=\"qmn_mc_answer_wrap \" id=\"question129-2 \">\n\t\t\t\t\t\t\t\t\t\t\t<input type='radio' class='qmn_quiz_radio' name=\"question129\" id=\"question129_2\" value=\"1\" \/>\n\t\t\t\t\t<label class=\"qsm-input-label\" for=\"question129_2\">\n\t\t\t\t\tb) Estes fatores abi\u00f3ticos variam de valor de local para local, determinando uma grande diversidade de ambientes.\t\t\t\t\t<\/label>\n\t\t\t\t\t \t\t\t\t<\/div>\n\t\t\t\t\t\t\t\t\t\t\t<div class=\"qmn_mc_answer_wrap \" id=\"question129-3 \">\n\t\t\t\t\t\t\t\t\t\t\t<input type='radio' class='qmn_quiz_radio' name=\"question129\" id=\"question129_3\" value=\"2\" \/>\n\t\t\t\t\t<label class=\"qsm-input-label\" for=\"question129_3\">\n\t\t\t\t\tc) Os diferentes fatores abi\u00f3ticos podem agrupar-se em fatores clim\u00e1ticos, como a luz, a temperatura e a umidade, que caracterizam o clima de uma regi\u00e3o\t\t\t\t\t<\/label>\n\t\t\t\t\t \t\t\t\t<\/div>\n\t\t\t\t\t\t\t\t\t\t\t<div class=\"qmn_mc_answer_wrap \" id=\"question129-4 \">\n\t\t\t\t\t\t\t\t\t\t\t<input type='radio' class='qmn_quiz_radio' name=\"question129\" id=\"question129_4\" value=\"3\" \/>\n\t\t\t\t\t<label class=\"qsm-input-label\" for=\"question129_4\">\n\t\t\t\t\td) Nos fatores abi\u00f3ticos tamb\u00e9m se destacam a composi\u00e7\u00e3o qu\u00edmica e a estrutura do solo.\t\t\t\t\t<\/label>\n\t\t\t\t\t \t\t\t\t<\/div>\n\t\t\t\t\t\t\t\t\t\t\t<div class=\"qmn_mc_answer_wrap \" id=\"question129-5 \">\n\t\t\t\t\t\t\t\t\t\t\t<input type='radio' class='qmn_quiz_radio' name=\"question129\" id=\"question129_5\" value=\"4\" \/>\n\t\t\t\t\t<label class=\"qsm-input-label\" for=\"question129_5\">\n\t\t\t\t\te) Estes fatores influenciam o crescimento, atividade e as caracter\u00edsticas que os seres apresentam, assim como a sua distribui\u00e7\u00e3o por diferentes locais.\t\t\t\t\t<\/label>\n\t\t\t\t\t \t\t\t\t<\/div>\n\t\t\t\t\t\t\t\t<input type=\"radio\" style=\"display: none;\" name=\"question129\" id=\"question129_none\" checked=\"checked\" value=\"\" \/>\n\t\t\t\t<\/div>\n\t\t\t\t\t\t\t<\/div>\n\t\t\t\t\t\t\t\t\t\t\t<div class='quiz_section qsm-question-wrapper question-section-id-130 ' data-qid='130'>\n\t\t\t\t\t\t\t<div class='mlw_qmn_new_question'>9) (CieBio 2022) Sobre os componentes do Ecossistema analise os itens: I Abi\u00f3ticos - que em conjunto constituem o bi\u00f3topo : ambiente f\u00edsico e fatores qu\u00edmicos e f\u00edsicos . II Bi\u00f3ticos - representados pelos seres vivos que comp\u00f5em a comunidade bi\u00f3tica ou biocenoses . compreendendo os organismos heter\u00f3trofos dependentes da mat\u00e9ria org\u00e2nica e os autotr\u00f3ficos respons\u00e1veis pela produ\u00e7\u00e3o prim\u00e1ria, ou seja, a fixa\u00e7\u00e3o do CO2. Est\u00e1(\u00e3o) correto(s) <\/div>\n\t\t\t<div class='mlw_qmn_question  qsm_remove_bold' >\n\t\t<p><\/p>\n\t<\/div>\n\t\t<div class='qmn_radio_answers '>\n\t\t\t\t\t\t\t\t<div class=\"qmn_mc_answer_wrap \" id=\"question130-1 \">\n\t\t\t\t\t\t\t\t\t\t\t<input type='radio' class='qmn_quiz_radio' name=\"question130\" id=\"question130_1\" value=\"0\" \/>\n\t\t\t\t\t<label class=\"qsm-input-label\" for=\"question130_1\">\n\t\t\t\t\ta) I e II\t\t\t\t\t<\/label>\n\t\t\t\t\t \t\t\t\t<\/div>\n\t\t\t\t\t\t\t\t\t\t\t<div class=\"qmn_mc_answer_wrap \" id=\"question130-2 \">\n\t\t\t\t\t\t\t\t\t\t\t<input type='radio' class='qmn_quiz_radio' name=\"question130\" id=\"question130_2\" value=\"1\" \/>\n\t\t\t\t\t<label class=\"qsm-input-label\" for=\"question130_2\">\n\t\t\t\t\tb) somente I\t\t\t\t\t<\/label>\n\t\t\t\t\t \t\t\t\t<\/div>\n\t\t\t\t\t\t\t\t\t\t\t<div class=\"qmn_mc_answer_wrap \" id=\"question130-3 \">\n\t\t\t\t\t\t\t\t\t\t\t<input type='radio' class='qmn_quiz_radio' name=\"question130\" id=\"question130_3\" value=\"2\" \/>\n\t\t\t\t\t<label class=\"qsm-input-label\" for=\"question130_3\">\n\t\t\t\t\tc) somente II\t\t\t\t\t<\/label>\n\t\t\t\t\t \t\t\t\t<\/div>\n\t\t\t\t\t\t\t\t\t\t\t<div class=\"qmn_mc_answer_wrap \" id=\"question130-4 \">\n\t\t\t\t\t\t\t\t\t\t\t<input type='radio' class='qmn_quiz_radio' name=\"question130\" id=\"question130_4\" value=\"3\" \/>\n\t\t\t\t\t<label class=\"qsm-input-label\" for=\"question130_4\">\n\t\t\t\t\td) nenhum dos itens\t\t\t\t\t<\/label>\n\t\t\t\t\t \t\t\t\t<\/div>\n\t\t\t\t\t\t\t\t<input type=\"radio\" style=\"display: none;\" name=\"question130\" id=\"question130_none\" checked=\"checked\" value=\"\" \/>\n\t\t\t\t<\/div>\n\t\t\t\t\t\t\t<\/div>\n\t\t\t\t\t\t\t\t\t\t\t<div class='quiz_section qsm-question-wrapper question-section-id-131 ' data-qid='131'>\n\t\t\t\t\t\t\t<div class='mlw_qmn_new_question'>10) (CieBio 2022) Os ecossistemas s\u00e3o formados pela uni\u00e3o de dois fatores: <\/div>\n\t\t\t<div class='mlw_qmn_question  qsm_remove_bold' >\n\t\t<p><\/p>\n\t<\/div>\n\t\t<div class='qmn_radio_answers '>\n\t\t\t\t\t\t\t\t<div class=\"qmn_mc_answer_wrap \" id=\"question131-1 \">\n\t\t\t\t\t\t\t\t\t\t\t<input type='radio' class='qmn_quiz_radio' name=\"question131\" id=\"question131_1\" value=\"0\" \/>\n\t\t\t\t\t<label class=\"qsm-input-label\" for=\"question131_1\">\n\t\t\t\t\ta) Fatores abi\u00f3ticos - o conjunto de todos os fatores f\u00edsicos que podem incidir sobre as comunidades de uma certa regi\u00e3o. Fatores bi\u00f3ticos - conjunto de todos seres vivos e que interagem uma certa regi\u00e3o e que poder\u00e3o ser chamados de biocenose\t\t\t\t\t<\/label>\n\t\t\t\t\t \t\t\t\t<\/div>\n\t\t\t\t\t\t\t\t\t\t\t<div class=\"qmn_mc_answer_wrap \" id=\"question131-2 \">\n\t\t\t\t\t\t\t\t\t\t\t<input type='radio' class='qmn_quiz_radio' name=\"question131\" id=\"question131_2\" value=\"1\" \/>\n\t\t\t\t\t<label class=\"qsm-input-label\" for=\"question131_2\">\n\t\t\t\t\tb) Fatores bi\u00f3ticos - o conjunto de todos os fatores f\u00edsicos que podem incidir sobre as comunidades de uma certa regi\u00e3o. Fatores abi\u00f3ticos - conjunto de todos seres vivos e que interagem uma certa regi\u00e3o e que poder\u00e3o ser chamados de biocenose\t\t\t\t\t<\/label>\n\t\t\t\t\t \t\t\t\t<\/div>\n\t\t\t\t\t\t\t\t\t\t\t<div class=\"qmn_mc_answer_wrap \" id=\"question131-3 \">\n\t\t\t\t\t\t\t\t\t\t\t<input type='radio' class='qmn_quiz_radio' name=\"question131\" id=\"question131_3\" value=\"2\" \/>\n\t\t\t\t\t<label class=\"qsm-input-label\" for=\"question131_3\">\n\t\t\t\t\tc) Fatores abi\u00f3ticos - o conjunto de todos os fatores f\u00edsicos que podem incidir sobre as comunidades de uma certa regi\u00e3o. Fatores bi\u00f3ticos - conjunto de todos componentes inanimados de uma certa regi\u00e3o\t\t\t\t\t<\/label>\n\t\t\t\t\t \t\t\t\t<\/div>\n\t\t\t\t\t\t\t\t\t\t\t<div class=\"qmn_mc_answer_wrap \" id=\"question131-4 \">\n\t\t\t\t\t\t\t\t\t\t\t<input type='radio' class='qmn_quiz_radio' name=\"question131\" id=\"question131_4\" value=\"3\" \/>\n\t\t\t\t\t<label class=\"qsm-input-label\" for=\"question131_4\">\n\t\t\t\t\td) Fatores abi\u00f3ticos - o conjunto de todos os seres vivos que podem incidir sobre as comunidades de uma certa regi\u00e3o. Fatores bi\u00f3ticos - conjunto de todos seres vivos e que interagem uma certa regi\u00e3o e que poder\u00e3o ser chamados de biocenose\t\t\t\t\t<\/label>\n\t\t\t\t\t \t\t\t\t<\/div>\n\t\t\t\t\t\t\t\t<input type=\"radio\" style=\"display: none;\" name=\"question131\" id=\"question131_none\" checked=\"checked\" value=\"\" \/>\n\t\t\t\t<\/div>\n\t\t\t\t\t\t\t<\/div>\n\t\t\t\t\t\t\t\t\t<\/section>\n\t\t\t\t\t\t\t<section class=\"qsm-page\">\n\t\t\t\t<div class=\"quiz_section quiz_begin\">\n\t\t\t\t\t<label for=\"mlwQuizComments\" class=\"qsm-comments-label mlw_qmn_comment_section_text\"><p>Please fill in the comment box below.<\/p>\n<\/label>\n\t\t\t\t\t<textarea id=\"mlwQuizComments\" name=\"mlwQuizComments\" class=\"qsm-comments qmn_comment_section\"><\/textarea>\n\t\t\t\t<\/div>\n\t\t\t<\/section>\n\t\t\t\t\t<input type=\"hidden\" name=\"qmn_question_list\" value=\"122Q123Q124Q125Q126Q127Q128Q129Q130Q131Q\" \/>\n\t\t\t\t\t\t<div id=\"mlw_error_message_bottom\" class=\"qsm-error-message qmn_error_message_section\"><\/div>\n\t\t\t\t\t<input type=\"hidden\" name=\"qmn_all_questions_count\" id=\"qmn_all_questions_count\" value=\"10\" \/>\n\t\t\t\t\t<input type=\"hidden\" name=\"total_questions\" id=\"total_questions\" value=\"10\" \/>\n\t\t\t\t\t<input type=\"hidden\" name=\"timer\" id=\"timer\" value=\"0\" \/>\n\t\t\t\t\t<input type=\"hidden\" name=\"timer_ms\" id=\"timer_ms\" value=\"0\"\/>\n\t\t\t\t\t<input type=\"hidden\" class=\"qmn_quiz_id\" name=\"qmn_quiz_id\" id=\"qmn_quiz_id\" value=\"24\" \/>\n\t\t\t\t\t<input type='hidden' name='complete_quiz' value='confirmation' \/>\n\t\t\t\t\t\t\t\t\t<\/form>\n\t\t<\/div>\n\t\t<div style=\"display: none;\" class=\"qsm-popup qsm-popup-slide\" id=\"modal-3\" aria-hidden=\"false\"><div class=\"qsm-popup__overlay\" tabindex=\"-1\" data-micromodal-close=\"\"><div class=\"qsm-popup__container qmn_quiz_container\" role=\"dialog\" aria-modal=\"true\"><div class=\"qsm-popup__content\"><img decoding=\"async\" src=\"https:\/\/www2.icb.ufmg.br\/napg\/wp-content\/plugins\/quiz-master-next\/assets\/clock.png\" alt=\"clock.png\"\/><p class=\"qsm-time-up-text\">Time is Up!<\/p><\/div><footer class=\"qsm-popup__footer\"><button class=\"qsm-popup-secondary-button qmn_btn\" data-micromodal-close=\"\" aria-label=\"Close this dialog window\">Cancel<\/button><button data-quiz_id=\"24\" class=\"submit-the-form qmn_btn\">Submit Quiz<\/button><\/footer><\/div><\/div><\/div><div style=\"display: none;\" class=\"qsm-popup qsm-popup-slide\" id=\"modal-4\" aria-hidden=\"false\"><div class=\"qsm-popup__overlay\" tabindex=\"-1\" data-micromodal-close=\"\"><div class=\"qsm-popup__container qmn_quiz_container\" role=\"dialog\" aria-modal=\"true\"><div class=\"qsm-popup__content\"><img decoding=\"async\" src=\"https:\/\/www2.icb.ufmg.br\/napg\/wp-content\/plugins\/quiz-master-next\/assets\/clock.png\" alt=\"clock.png\"\/><p class=\"qsm-time-up-text\"> Time's up<\/p><\/div><footer class=\"qsm-popup__footer\"><button class=\"qsm-popup-secondary-button qmn_btn\" data-micromodal-close=\"\" aria-label=\"Close this dialog window\" onclick=\"location.reload();\">Cancel<\/button><\/footer><\/div><\/div><\/div><\/div>\n\t\t\t\t<\/div>\n\t\t\t\t<\/div>\n\t\t\t\t\t\t<\/div>\n\t\t\t\t\t<\/div>\n\t\t<\/div>\n\t\t\t\t<div class=\"elementor-column elementor-col-33 elementor-top-column elementor-element elementor-element-7173f809\" data-id=\"7173f809\" data-element_type=\"column\">\n\t\t\t<div class=\"elementor-column-wrap elementor-element-populated\">\n\t\t\t\t\t\t\t<div class=\"elementor-widget-wrap\">\n\t\t\t\t\t\t<div class=\"elementor-element elementor-element-684876ad elementor-widget elementor-widget-sidebar\" data-id=\"684876ad\" data-element_type=\"widget\" data-widget_type=\"sidebar.default\">\n\t\t\t\t<div class=\"elementor-widget-container\">\n\t\t\t<section id=\"search-2\" class=\"widget widget_search\">\n<form role=\"search\" method=\"get\" class=\"search-form\" autocomplete=\"off\" action=\"https:\/\/www2.icb.ufmg.br\/napg\/\">\n    <label>\n\t<span class=\"screen-reader-text\">Search for:<\/span>\n\t<input type=\"search\" class=\"search-field\" placeholder=\"Search &hellip;\" value=\"\" name=\"s\" title=\"Search for:\" \/>\n    <\/label>\n    <input type=\"submit\" class=\"search-submit\" value=\"\"><span class=\"screen-reader-text\">Search<\/span>\n<\/form><\/section><section id=\"categories-9\" class=\"widget widget_categories\"><h2 class=\"widget-title\">Categoria<\/h2>\n\t\t\t<ul>\n\t\t\t\t\t<li class=\"cat-item cat-item-42\"><a href=\"https:\/\/www2.icb.ufmg.br\/napg\/?cat=42\">Entreterimento &#8211; Espa\u00e7o teenager<\/a>\n<\/li>\n\t<li class=\"cat-item cat-item-12\"><a href=\"https:\/\/www2.icb.ufmg.br\/napg\/?cat=12\">Eventos NAPG<\/a>\n<\/li>\n\t<li class=\"cat-item cat-item-15\"><a href=\"https:\/\/www2.icb.ufmg.br\/napg\/?cat=15\">Nossa Galeria<\/a>\n<\/li>\n\t<li class=\"cat-item cat-item-18\"><a href=\"https:\/\/www2.icb.ufmg.br\/napg\/?cat=18\">Nossos n\u00fameros<\/a>\n<\/li>\n\t<li class=\"cat-item cat-item-11\"><a href=\"https:\/\/www2.icb.ufmg.br\/napg\/?cat=11\">Nossos v\u00eddeos<\/a>\n<\/li>\n\t<li class=\"cat-item cat-item-10\"><a href=\"https:\/\/www2.icb.ufmg.br\/napg\/?cat=10\">Not\u00edcias<\/a>\n<\/li>\n\t<li class=\"cat-item cat-item-1\"><a href=\"https:\/\/www2.icb.ufmg.br\/napg\/?cat=1\">Sem categoria<\/a>\n<\/li>\n\t\t\t<\/ul>\n\n\t\t\t<\/section>\t\t<\/div>\n\t\t\t\t<\/div>\n\t\t\t\t\t\t<\/div>\n\t\t\t\t\t<\/div>\n\t\t<\/div>\n\t\t\t\t\t\t\t\t<\/div>\n\t\t\t\t\t<\/div>\n\t\t<\/section>\n\t\t\t\t<section class=\"elementor-section elementor-top-section elementor-element elementor-element-38d8a4f4 elementor-section-full_width elementor-section-height-min-height elementor-section-items-top elementor-section-content-top elementor-section-height-default\" data-id=\"38d8a4f4\" data-element_type=\"section\" data-settings=\"{&quot;background_background&quot;:&quot;classic&quot;}\">\n\t\t\t\t\t\t<div class=\"elementor-container elementor-column-gap-extended\">\n\t\t\t\t\t\t\t<div class=\"elementor-row\">\n\t\t\t\t\t<div class=\"elementor-column elementor-col-100 elementor-top-column elementor-element elementor-element-74b6cdbf\" data-id=\"74b6cdbf\" data-element_type=\"column\">\n\t\t\t<div class=\"elementor-column-wrap elementor-element-populated\">\n\t\t\t\t\t\t\t<div class=\"elementor-widget-wrap\">\n\t\t\t\t\t\t<div class=\"elementor-element elementor-element-6c5c532a elementor-widget elementor-widget-text-editor\" data-id=\"6c5c532a\" data-element_type=\"widget\" data-widget_type=\"text-editor.default\">\n\t\t\t\t<div class=\"elementor-widget-container\">\n\t\t\t\t\t\t\t\t<div class=\"elementor-text-editor elementor-clearfix\">\n\t\t\t\t<p><strong><span style=\"color: #339966;\"><img decoding=\"async\" loading=\"lazy\" class=\"wp-image-2127\" src=\"https:\/\/www2.icb.ufmg.br\/napg\/wp-content\/uploads\/2018\/08\/old-telephone1-1.png\" alt=\"\" width=\"17\" height=\"17\" \/><\/span><\/strong><span style=\"color: #000000;\">\u00a0(31) 3409-2522<\/span><br \/><span style=\"color: #000000;\"><img decoding=\"async\" loading=\"lazy\" class=\"wp-image-2126\" src=\"https:\/\/www2.icb.ufmg.br\/napg\/wp-content\/uploads\/2018\/08\/black-back-closed-envelope-shape.png\" alt=\"\" width=\"15\" height=\"15\" \/>\u00a0napg@icb.ufmg.br<\/span><br \/><span style=\"color: #000000;\"><img decoding=\"async\" loading=\"lazy\" class=\"wp-image-2125\" src=\"https:\/\/www2.icb.ufmg.br\/napg\/wp-content\/uploads\/2018\/08\/locating.png\" alt=\"\" width=\"18\" height=\"18\" \/>Av. Ant\u00f4nio Carlos,\u00a0 6627 &#8211; ICB &#8211; Bloco F &#8211; 1\u00ba andar &#8211; Sala 70 &#8211; UFMG &#8211; Pampulha &#8211; 31270-901 &#8211; BH\/MG.<\/span><br \/><span style=\"color: #000000;\"><img decoding=\"async\" loading=\"lazy\" class=\"alignleft wp-image-2143\" src=\"https:\/\/www2.icb.ufmg.br\/napg\/wp-content\/uploads\/2018\/08\/car-fill-from-frontal-view.png\" alt=\"\" width=\"20\" height=\"20\" \/><a style=\"color: #000000;\" href=\"https:\/\/www2.icb.ufmg.br\/napg\/index.php\/2018\/08\/24\/como-chegar\/\">Como Chegar<\/a><\/span><\/p>\n<p><span style=\"color: #000000;\">Hor\u00e1rio de Atendimento: de segunda a sexta-feira das 8h \u00e0s 11h30 &#8211; 14h \u00e0s 16h<\/span><\/p>\t\t\t\t\t<\/div>\n\t\t\t\t\t\t<\/div>\n\t\t\t\t<\/div>\n\t\t\t\t\t\t<\/div>\n\t\t\t\t\t<\/div>\n\t\t<\/div>\n\t\t\t\t\t\t\t\t<\/div>\n\t\t\t\t\t<\/div>\n\t\t<\/section>\n\t\t\t\t\t\t<\/div>\n\t\t\t\t\t\t<\/div>\n\t\t\t\t\t<\/div>\n\t\t","protected":false},"excerpt":{"rendered":"<p>Abi\u00f3ticos e Bi\u00f3ticos (31) 3409-2522 napg@icb.ufmg.brAv. Ant\u00f4nio Carlos, 6627 &#8211; ICB &#8211; Bloco F &#8211; 1\u00ba andar &#8211; Sala 70 &#8211; UFMG &#8211; Pampulha &#8211; 31270-901 &#8211; BH\/MG.Como Chegar Hor\u00e1rio de Atendimento: de segunda a sexta-feira das 8h \u00e0s 11h30 &#8211; 14h \u00e0s 16h<\/p>\n","protected":false},"author":1,"featured_media":0,"comment_status":"open","ping_status":"open","sticky":false,"template":"elementor_header_footer","format":"standard","meta":[],"categories":[1],"tags":[],"_links":{"self":[{"href":"https:\/\/www2.icb.ufmg.br\/napg\/index.php?rest_route=\/wp\/v2\/posts\/15809"}],"collection":[{"href":"https:\/\/www2.icb.ufmg.br\/napg\/index.php?rest_route=\/wp\/v2\/posts"}],"about":[{"href":"https:\/\/www2.icb.ufmg.br\/napg\/index.php?rest_route=\/wp\/v2\/types\/post"}],"author":[{"embeddable":true,"href":"https:\/\/www2.icb.ufmg.br\/napg\/index.php?rest_route=\/wp\/v2\/users\/1"}],"replies":[{"embeddable":true,"href":"https:\/\/www2.icb.ufmg.br\/napg\/index.php?rest_route=%2Fwp%2Fv2%2Fcomments&post=15809"}],"version-history":[{"count":16,"href":"https:\/\/www2.icb.ufmg.br\/napg\/index.php?rest_route=\/wp\/v2\/posts\/15809\/revisions"}],"predecessor-version":[{"id":17507,"href":"https:\/\/www2.icb.ufmg.br\/napg\/index.php?rest_route=\/wp\/v2\/posts\/15809\/revisions\/17507"}],"wp:attachment":[{"href":"https:\/\/www2.icb.ufmg.br\/napg\/index.php?rest_route=%2Fwp%2Fv2%2Fmedia&parent=15809"}],"wp:term":[{"taxonomy":"category","embeddable":true,"href":"https:\/\/www2.icb.ufmg.br\/napg\/index.php?rest_route=%2Fwp%2Fv2%2Fcategories&post=15809"},{"taxonomy":"post_tag","embeddable":true,"href":"https:\/\/www2.icb.ufmg.br\/napg\/index.php?rest_route=%2Fwp%2Fv2%2Ftags&post=15809"}],"curies":[{"name":"wp","href":"https:\/\/api.w.org\/{rel}","templated":true}]}}