{"id":14232,"date":"2022-03-09T15:25:54","date_gmt":"2022-03-09T18:25:54","guid":{"rendered":"https:\/\/www2.icb.ufmg.br\/napg\/?p=14232"},"modified":"2022-11-24T10:53:31","modified_gmt":"2022-11-24T13:53:31","slug":"bem-vindos-ao-quiz-a-terra-e-estrutura-da-terra","status":"publish","type":"post","link":"https:\/\/www2.icb.ufmg.br\/napg\/?p=14232","title":{"rendered":"Quiz &#8211; A Terra e Estrutura da Terra"},"content":{"rendered":"\t\t<div data-elementor-type=\"wp-post\" data-elementor-id=\"14232\" class=\"elementor elementor-14232\" data-elementor-settings=\"[]\">\n\t\t\t\t\t\t<div class=\"elementor-inner\">\n\t\t\t\t\t\t\t<div class=\"elementor-section-wrap\">\n\t\t\t\t\t\t\t<section class=\"elementor-section elementor-top-section elementor-element elementor-element-66b2bf38 elementor-section-full_width elementor-section-height-min-height elementor-section-items-top elementor-section-content-top elementor-section-stretched elementor-section-height-default\" data-id=\"66b2bf38\" data-element_type=\"section\" data-settings=\"{&quot;background_background&quot;:&quot;classic&quot;,&quot;stretch_section&quot;:&quot;section-stretched&quot;}\">\n\t\t\t\t\t\t<div class=\"elementor-container elementor-column-gap-extended\">\n\t\t\t\t\t\t\t<div class=\"elementor-row\">\n\t\t\t\t\t<div class=\"elementor-column elementor-col-100 elementor-top-column elementor-element elementor-element-10d5b14\" data-id=\"10d5b14\" data-element_type=\"column\">\n\t\t\t<div class=\"elementor-column-wrap elementor-element-populated\">\n\t\t\t\t\t\t\t<div class=\"elementor-widget-wrap\">\n\t\t\t\t\t\t<div class=\"elementor-element elementor-element-178e7dd elementor-widget elementor-widget-heading\" data-id=\"178e7dd\" data-element_type=\"widget\" data-widget_type=\"heading.default\">\n\t\t\t\t<div class=\"elementor-widget-container\">\n\t\t\t<h2 class=\"elementor-heading-title elementor-size-default\">Bem-vindo ao Quiz - A Terra, Estrutura da Terra<\/h2>\t\t<\/div>\n\t\t\t\t<\/div>\n\t\t\t\t\t\t<\/div>\n\t\t\t\t\t<\/div>\n\t\t<\/div>\n\t\t\t\t\t\t\t\t<\/div>\n\t\t\t\t\t<\/div>\n\t\t<\/section>\n\t\t\t\t<section class=\"elementor-section elementor-top-section elementor-element elementor-element-edd4756 elementor-section-full_width elementor-section-stretched elementor-section-height-default elementor-section-height-default\" data-id=\"edd4756\" data-element_type=\"section\" data-settings=\"{&quot;stretch_section&quot;:&quot;section-stretched&quot;}\">\n\t\t\t\t\t\t<div class=\"elementor-container elementor-column-gap-extended\">\n\t\t\t\t\t\t\t<div class=\"elementor-row\">\n\t\t\t\t\t<div class=\"elementor-column elementor-col-50 elementor-top-column elementor-element elementor-element-b686228\" data-id=\"b686228\" data-element_type=\"column\">\n\t\t\t<div class=\"elementor-column-wrap elementor-element-populated\">\n\t\t\t\t\t\t\t<div class=\"elementor-widget-wrap\">\n\t\t\t\t\t\t<div class=\"elementor-element elementor-element-4f1e742 elementor-widget elementor-widget-shortcode\" data-id=\"4f1e742\" data-element_type=\"widget\" data-widget_type=\"shortcode.default\">\n\t\t\t\t<div class=\"elementor-widget-container\">\n\t\t\t\t\t<div class=\"elementor-shortcode\"><script>\n                            if (window.qmn_quiz_data === undefined) {\n                                    window.qmn_quiz_data = new Object();\n                            }\n                    <\/script><script>window.qmn_quiz_data[\"1\"] = {\"quiz_id\":\"1\",\"quiz_name\":\"A Terra, Estrutura da Terra\",\"disable_answer\":\"0\",\"ajax_show_correct\":\"0\",\"progress_bar\":\"1\",\"contact_info_location\":\"0\",\"qpages\":{\"1\":{\"id\":\"1\",\"quizID\":\"1\",\"pagekey\":\"6228b23daf324\",\"hide_prevbtn\":\"0\"},\"2\":{\"id\":\"2\",\"quizID\":\"1\",\"pagekey\":\"OBlxzzGy\",\"hide_prevbtn\":\"0\"}},\"skip_validation_time_expire\":\"0\",\"timer_limit_val\":0,\"disable_scroll_next_previous_click\":\"0\",\"disable_first_page\":\"0\",\"enable_result_after_timer_end\":\"0\",\"enable_quick_result_mc\":\"1\",\"end_quiz_if_wrong\":\"0\",\"form_disable_autofill\":\"0\",\"disable_mathjax\":0,\"enable_quick_correct_answer_info\":\"2\",\"quick_result_correct_answer_text\":\"Correto! Voc\\u00ea selecionou a resposta correta.\",\"quick_result_wrong_answer_text\":\"Errado! Voc\\u00ea selecionou a resposta errada.\",\"quiz_processing_message\":\"\",\"not_allow_after_expired_time\":\"\",\"scheduled_time_end\":false,\"error_messages\":{\"email_error_text\":\"N\\u00e3o \\u00e9 um endere\\u00e7o de e-mail v\\u00e1lido!\",\"number_error_text\":\"Este campo deve ser um n\\u00famero!\",\"incorrect_error_text\":\"O texto digitado n\\u00e3o est\\u00e1 correto!\",\"empty_error_text\":\"Por favor, preencha todos os campos obrigat\\u00f3rios!\",\"url_error_text\":\"The entered URL is not valid!\",\"minlength_error_text\":\"Required atleast %minlength% characters.\",\"maxlength_error_text\":\"Maximum %maxlength% characters allowed.\"},\"first_page\":true}\n                    <\/script><div class='qsm-quiz-container qsm-quiz-container-1 qmn_quiz_container mlw_qmn_quiz  quiz_theme_default  '>\n\t\t\t\t\t<form name=\"quizForm1\" id=\"quizForm1\" action=\"\/napg\/index.php?rest_route=%2Fwp%2Fv2%2Fposts%2F14232\" method=\"POST\" class=\"qsm-quiz-form qmn_quiz_form mlw_quiz_form\" novalidate enctype=\"multipart\/form-data\">\n\t\t\t\t<input type=\"hidden\" name=\"qsm_hidden_questions\" id=\"qsm_hidden_questions\" value=\"\">\n\t\t\t\t<div id=\"mlw_error_message\" class=\"qsm-error-message qmn_error_message_section\"><\/div>\n\t\t\t\t<span id=\"mlw_top_of_quiz\"><\/span>\n\t\t\t\t\t\t\t<section class=\"qsm-page \">\n\t\t\t\t<div class=\"quiz_section quiz_begin\">\n\t\t\t\t\t<div class='qsm-before-message mlw_qmn_message_before'>\n\t\t\t<p><img decoding=\"async\" src=\"https:\/\/cdn.blog.estrategiavestibulares.com.br\/vestibulares\/wp-content\/uploads\/2021\/12\/pexels-pixabay-87651-640x540.webp\" alt=\"Estrutura interna da Terra: camadas e caracter\u00edsticas - EV\" \/><br \/>\n<span style=\"font-size: 12px\">Fonte: https:\/\/vestibulares.estrategia.com\/portal\/materias\/geografia\/estrutura-interna-da-terra\/<\/span><\/p>\n<p><strong><span style=\"font-size: 20px\">Bem-vindo ao Quiz - A Terra, Estrutura da Terra<\/span><\/strong><\/p>\n\t\t\t\t\t<\/div>\n\t\t\t\t\t\t\t<\/div>\n\t\t\t<\/section>\n\t\t\t\t\t\t\t<section class=\"qsm-page  qsm-page-1\"\n\t\t\t\t\t\tdata-pid=\"1\" data-prevbtn=\"0\" style='display: none;'>\n\t\t\t\t\t\t\t\t\t\t\t\t\t\t<div class='quiz_section qsm-question-wrapper question-section-id-1 ' data-qid='1'>\n\t\t\t\t\t\t\t<div class='mlw_qmn_new_question'>S\u00e3o eventos que atuam na altera\u00e7\u00e3o das formas da superf\u00edcie terrestre e do solo <\/div>\n\t\t\t<div class='mlw_qmn_question  qsm_remove_bold' >\n\t\t<p><\/p>\n\t<\/div>\n\t\t<div class='qmn_radio_answers '>\n\t\t\t\t\t\t\t\t<div class=\"qmn_mc_answer_wrap \" id=\"question1-1 \">\n\t\t\t\t\t\t\t\t\t\t\t<input type='radio' class='qmn_quiz_radio' name=\"question1\" id=\"question1_1\" value=\"0\" \/>\n\t\t\t\t\t<label class=\"qsm-input-label\" for=\"question1_1\">\n\t\t\t\t\tGlacia\u00e7\u00f5es,\t\t\t\t\t<\/label>\n\t\t\t\t\t \t\t\t\t<\/div>\n\t\t\t\t\t\t\t\t\t\t\t<div class=\"qmn_mc_answer_wrap \" id=\"question1-2 \">\n\t\t\t\t\t\t\t\t\t\t\t<input type='radio' class='qmn_quiz_radio' name=\"question1\" id=\"question1_2\" value=\"1\" \/>\n\t\t\t\t\t<label class=\"qsm-input-label\" for=\"question1_2\">\n\t\t\t\t\teros\u00e3o costeira\t\t\t\t\t<\/label>\n\t\t\t\t\t \t\t\t\t<\/div>\n\t\t\t\t\t\t\t\t\t\t\t<div class=\"qmn_mc_answer_wrap \" id=\"question1-3 \">\n\t\t\t\t\t\t\t\t\t\t\t<input type='radio' class='qmn_quiz_radio' name=\"question1\" id=\"question1_3\" value=\"2\" \/>\n\t\t\t\t\t<label class=\"qsm-input-label\" for=\"question1_3\">\n\t\t\t\t\tgrandes impactos de meteoritos\t\t\t\t\t<\/label>\n\t\t\t\t\t \t\t\t\t<\/div>\n\t\t\t\t\t\t\t\t\t\t\t<div class=\"qmn_mc_answer_wrap \" id=\"question1-4 \">\n\t\t\t\t\t\t\t\t\t\t\t<input type='radio' class='qmn_quiz_radio' name=\"question1\" id=\"question1_4\" value=\"3\" \/>\n\t\t\t\t\t<label class=\"qsm-input-label\" for=\"question1_4\">\n\t\t\t\t\tgravita\u00e7\u00e3o universal\t\t\t\t\t<\/label>\n\t\t\t\t\t \t\t\t\t<\/div>\n\t\t\t\t\t\t\t\t<input type=\"radio\" style=\"display: none;\" name=\"question1\" id=\"question1_none\" checked=\"checked\" value=\"\" \/>\n\t\t\t\t<\/div>\n\t\t\t\t\t\t\t<\/div>\n\t\t\t\t\t\t\t\t\t\t\t<div class='quiz_section qsm-question-wrapper question-section-id-5 ' data-qid='5'>\n\t\t\t\t\t\t\t<div class='mlw_qmn_new_question'>Sobre as placas tect\u00f4nicas \u00e9 INCORRETO afirmar que <\/div>\n\t\t\t<div class='mlw_qmn_question  qsm_remove_bold' >\n\t\t<p><\/p>\n\t<\/div>\n\t\t<div class='qmn_radio_answers '>\n\t\t\t\t\t\t\t\t<div class=\"qmn_mc_answer_wrap \" id=\"question5-1 \">\n\t\t\t\t\t\t\t\t\t\t\t<input type='radio' class='qmn_quiz_radio' name=\"question5\" id=\"question5_1\" value=\"0\" \/>\n\t\t\t\t\t<label class=\"qsm-input-label\" for=\"question5_1\">\n\t\t\t\t\tEstas placas s\u00e3o segmentos r\u00edgidos que se movem uns relativamente aos outrosde fronteiras entre placas\t\t\t\t\t<\/label>\n\t\t\t\t\t \t\t\t\t<\/div>\n\t\t\t\t\t\t\t\t\t\t\t<div class=\"qmn_mc_answer_wrap \" id=\"question5-2 \">\n\t\t\t\t\t\t\t\t\t\t\t<input type='radio' class='qmn_quiz_radio' name=\"question5\" id=\"question5_2\" value=\"1\" \/>\n\t\t\t\t\t<label class=\"qsm-input-label\" for=\"question5_2\">\n\t\t\t\t\tpodem ocorrer sismos, atividade vulc\u00e2nica, forma\u00e7\u00e3o de montanhas ou de fossas oce\u00e2nicas\t\t\t\t\t<\/label>\n\t\t\t\t\t \t\t\t\t<\/div>\n\t\t\t\t\t\t\t\t\t\t\t<div class=\"qmn_mc_answer_wrap \" id=\"question5-3 \">\n\t\t\t\t\t\t\t\t\t\t\t<input type='radio' class='qmn_quiz_radio' name=\"question5\" id=\"question5_3\" value=\"2\" \/>\n\t\t\t\t\t<label class=\"qsm-input-label\" for=\"question5_3\">\n\t\t\t\t\tAs placas tect\u00f4nicas movem-se sobre a por\u00e7\u00e3o s\u00f3lida e menos viscosa do manto superior que pode fluir e mover-se juntamente com as placas\t\t\t\t\t<\/label>\n\t\t\t\t\t \t\t\t\t<\/div>\n\t\t\t\t\t\t\t\t\t\t\t<div class=\"qmn_mc_answer_wrap \" id=\"question5-4 \">\n\t\t\t\t\t\t\t\t\t\t\t<input type='radio' class='qmn_quiz_radio' name=\"question5\" id=\"question5_4\" value=\"3\" \/>\n\t\t\t\t\t<label class=\"qsm-input-label\" for=\"question5_4\">\n\t\t\t\t\tseu movimento est\u00e1 estreitamente relacionada com os padr\u00f5es de evapora\u00e7\u00e3o que ocorrem no interior do n\u00facleo da Terra\t\t\t\t\t<\/label>\n\t\t\t\t\t \t\t\t\t<\/div>\n\t\t\t\t\t\t\t\t<input type=\"radio\" style=\"display: none;\" name=\"question5\" id=\"question5_none\" checked=\"checked\" value=\"\" \/>\n\t\t\t\t<\/div>\n\t\t\t\t\t\t\t<\/div>\n\t\t\t\t\t\t\t\t\t\t\t<div class='quiz_section qsm-question-wrapper question-section-id-6 ' data-qid='6'>\n\t\t\t\t\t\t\t<div class='mlw_qmn_new_question'>O planeta Terra apresenta uma sucess\u00e3o de camadas, assinale a alternativa ERRADA <\/div>\n\t\t\t<div class='mlw_qmn_question  qsm_remove_bold' >\n\t\t<p><\/p>\n\t<\/div>\n\t\t<div class='qmn_radio_answers '>\n\t\t\t\t\t\t\t\t<div class=\"qmn_mc_answer_wrap \" id=\"question6-1 \">\n\t\t\t\t\t\t\t\t\t\t\t<input type='radio' class='qmn_quiz_radio' name=\"question6\" id=\"question6_1\" value=\"0\" \/>\n\t\t\t\t\t<label class=\"qsm-input-label\" for=\"question6_1\">\n\t\t\t\t\ta atmosfera, a hidrosfera, a litosfera, o manto ou pirosfera e o n\u00facleo central ou barisfera\t\t\t\t\t<\/label>\n\t\t\t\t\t \t\t\t\t<\/div>\n\t\t\t\t\t\t\t\t\t\t\t<div class=\"qmn_mc_answer_wrap \" id=\"question6-2 \">\n\t\t\t\t\t\t\t\t\t\t\t<input type='radio' class='qmn_quiz_radio' name=\"question6\" id=\"question6_2\" value=\"1\" \/>\n\t\t\t\t\t<label class=\"qsm-input-label\" for=\"question6_2\">\n\t\t\t\t\ta atmosfera, a nitrosfera, a litosfera, o n\u00facleo ou pirosfera e o manto central ou barisfera\t\t\t\t\t<\/label>\n\t\t\t\t\t \t\t\t\t<\/div>\n\t\t\t\t\t\t\t\t\t\t\t<div class=\"qmn_mc_answer_wrap \" id=\"question6-3 \">\n\t\t\t\t\t\t\t\t\t\t\t<input type='radio' class='qmn_quiz_radio' name=\"question6\" id=\"question6_3\" value=\"2\" \/>\n\t\t\t\t\t<label class=\"qsm-input-label\" for=\"question6_3\">\n\t\t\t\t\ta atmosfera, a hidrosfera, a sinosfera, o manto ou pirosfera e o n\u00facleo central ou barisfera\t\t\t\t\t<\/label>\n\t\t\t\t\t \t\t\t\t<\/div>\n\t\t\t\t\t\t\t\t\t\t\t<div class=\"qmn_mc_answer_wrap \" id=\"question6-4 \">\n\t\t\t\t\t\t\t\t\t\t\t<input type='radio' class='qmn_quiz_radio' name=\"question6\" id=\"question6_4\" value=\"3\" \/>\n\t\t\t\t\t<label class=\"qsm-input-label\" for=\"question6_4\">\n\t\t\t\t\ta atmosfera, a hidrosfera, a litosfera, o n\u00facleo ou pirosfera e o manto central ou barisfera.\t\t\t\t\t<\/label>\n\t\t\t\t\t \t\t\t\t<\/div>\n\t\t\t\t\t\t\t\t<input type=\"radio\" style=\"display: none;\" name=\"question6\" id=\"question6_none\" checked=\"checked\" value=\"\" \/>\n\t\t\t\t<\/div>\n\t\t\t\t\t\t\t<\/div>\n\t\t\t\t\t\t\t\t\t<\/section>\n\t\t\t\t\t\t\t\t<section class=\"qsm-page  qsm-page-2\"\n\t\t\t\t\t\tdata-pid=\"2\" data-prevbtn=\"0\" style='display: none;'>\n\t\t\t\t\t\t\t\t\t\t\t\t\t\t<div class='quiz_section qsm-question-wrapper question-section-id-9 ' data-qid='9'>\n\t\t\t\t\t\t\t<div class='mlw_qmn_new_question'>A atividade vulc\u00e2nica \u00e9 de extrema import\u00e2ncia para a forma\u00e7\u00e3o da estrutura da Terra e levou ao aparecimento das rochas: <\/div>\n\t\t\t<div class='mlw_qmn_question  qsm_remove_bold' >\n\t\t<p><\/p>\n\t<\/div>\n\t\t<div class='qmn_radio_answers '>\n\t\t\t\t\t\t\t\t<div class=\"qmn_mc_answer_wrap \" id=\"question9-1 \">\n\t\t\t\t\t\t\t\t\t\t\t<input type='radio' class='qmn_quiz_radio' name=\"question9\" id=\"question9_1\" value=\"0\" \/>\n\t\t\t\t\t<label class=\"qsm-input-label\" for=\"question9_1\">\n\t\t\t\t\tmagm\u00e1ticas\t\t\t\t\t<\/label>\n\t\t\t\t\t \t\t\t\t<\/div>\n\t\t\t\t\t\t\t\t\t\t\t<div class=\"qmn_mc_answer_wrap \" id=\"question9-2 \">\n\t\t\t\t\t\t\t\t\t\t\t<input type='radio' class='qmn_quiz_radio' name=\"question9\" id=\"question9_2\" value=\"1\" \/>\n\t\t\t\t\t<label class=\"qsm-input-label\" for=\"question9_2\">\n\t\t\t\t\tsedimentares\t\t\t\t\t<\/label>\n\t\t\t\t\t \t\t\t\t<\/div>\n\t\t\t\t\t\t\t\t\t\t\t<div class=\"qmn_mc_answer_wrap \" id=\"question9-3 \">\n\t\t\t\t\t\t\t\t\t\t\t<input type='radio' class='qmn_quiz_radio' name=\"question9\" id=\"question9_3\" value=\"2\" \/>\n\t\t\t\t\t<label class=\"qsm-input-label\" for=\"question9_3\">\n\t\t\t\t\tde carv\u00e3o\t\t\t\t\t<\/label>\n\t\t\t\t\t \t\t\t\t<\/div>\n\t\t\t\t\t\t\t\t\t\t\t<div class=\"qmn_mc_answer_wrap \" id=\"question9-4 \">\n\t\t\t\t\t\t\t\t\t\t\t<input type='radio' class='qmn_quiz_radio' name=\"question9\" id=\"question9_4\" value=\"3\" \/>\n\t\t\t\t\t<label class=\"qsm-input-label\" for=\"question9_4\">\n\t\t\t\t\tcalc\u00e1rias\t\t\t\t\t<\/label>\n\t\t\t\t\t \t\t\t\t<\/div>\n\t\t\t\t\t\t\t\t<input type=\"radio\" style=\"display: none;\" name=\"question9\" id=\"question9_none\" checked=\"checked\" value=\"\" \/>\n\t\t\t\t<\/div>\n\t\t\t\t\t\t\t<\/div>\n\t\t\t\t\t\t\t\t\t\t\t<div class='quiz_section qsm-question-wrapper question-section-id-71 ' data-qid='71'>\n\t\t\t\t\t\t\t<div class='mlw_qmn_new_question'>Uma forma de material rochoso encontrada na Terra s\u00e3o as rochas metam\u00f3rficas. Sobre essas rochas \u00e9 INCORRETO afirmar que <\/div>\n\t\t\t<div class='mlw_qmn_question  qsm_remove_bold' >\n\t\t<p><\/p>\n\t<\/div>\n\t\t<div class='qmn_radio_answers '>\n\t\t\t\t\t\t\t\t<div class=\"qmn_mc_answer_wrap \" id=\"question71-1 \">\n\t\t\t\t\t\t\t\t\t\t\t<input type='radio' class='qmn_quiz_radio' name=\"question71\" id=\"question71_1\" value=\"0\" \/>\n\t\t\t\t\t<label class=\"qsm-input-label\" for=\"question71_1\">\n\t\t\t\t\tCriadas pela transforma\u00e7\u00e3o de tipos de rocha pr\u00e9-existentes por meio de altas press\u00f5es, altas temperaturas, ou ambas\t\t\t\t\t<\/label>\n\t\t\t\t\t \t\t\t\t<\/div>\n\t\t\t\t\t\t\t\t\t\t\t<div class=\"qmn_mc_answer_wrap \" id=\"question71-2 \">\n\t\t\t\t\t\t\t\t\t\t\t<input type='radio' class='qmn_quiz_radio' name=\"question71\" id=\"question71_2\" value=\"1\" \/>\n\t\t\t\t\t<label class=\"qsm-input-label\" for=\"question71_2\">\n\t\t\t\t\tAs rochas sedimentares formam-se a partir da acumula\u00e7\u00e3o de sedimentos que s\u00e3o compactados.\t\t\t\t\t<\/label>\n\t\t\t\t\t \t\t\t\t<\/div>\n\t\t\t\t\t\t\t\t\t\t\t<div class=\"qmn_mc_answer_wrap \" id=\"question71-3 \">\n\t\t\t\t\t\t\t\t\t\t\t<input type='radio' class='qmn_quiz_radio' name=\"question71\" id=\"question71_3\" value=\"2\" \/>\n\t\t\t\t\t<label class=\"qsm-input-label\" for=\"question71_3\">\n\t\t\t\t\tAs rochas sedimentares formam-se a partir da segrega\u00e7\u00e3o de sedimentos do material produzido pelo homem.\t\t\t\t\t<\/label>\n\t\t\t\t\t \t\t\t\t<\/div>\n\t\t\t\t\t\t\t\t\t\t\t<div class=\"qmn_mc_answer_wrap \" id=\"question71-4 \">\n\t\t\t\t\t\t\t\t\t\t\t<input type='radio' class='qmn_quiz_radio' name=\"question71\" id=\"question71_4\" value=\"3\" \/>\n\t\t\t\t\t<label class=\"qsm-input-label\" for=\"question71_4\">\n\t\t\t\t\tA maior parte das superf\u00edcies continentais est\u00e3o cobertas por rochas sedimentares,\t\t\t\t\t<\/label>\n\t\t\t\t\t \t\t\t\t<\/div>\n\t\t\t\t\t\t\t\t<input type=\"radio\" style=\"display: none;\" name=\"question71\" id=\"question71_none\" checked=\"checked\" value=\"\" \/>\n\t\t\t\t<\/div>\n\t\t\t\t\t\t\t<\/div>\n\t\t\t\t\t\t\t\t\t<\/section>\n\t\t\t\t\t\t\t<section class=\"qsm-page\">\n\t\t\t\t<div class=\"quiz_section quiz_begin\">\n\t\t\t\t\t<label for=\"mlwQuizComments\" class=\"qsm-comments-label mlw_qmn_comment_section_text\"><p>Please fill in the comment box below.<\/p>\n<\/label>\n\t\t\t\t\t<textarea id=\"mlwQuizComments\" name=\"mlwQuizComments\" class=\"qsm-comments qmn_comment_section\"><\/textarea>\n\t\t\t\t<\/div>\n\t\t\t<\/section>\n\t\t\t\t\t<input type=\"hidden\" name=\"qmn_question_list\" value=\"1Q5Q6Q9Q71Q\" \/>\n\t\t\t\t\t\t<div id=\"mlw_error_message_bottom\" class=\"qsm-error-message qmn_error_message_section\"><\/div>\n\t\t\t\t\t<input type=\"hidden\" name=\"qmn_all_questions_count\" id=\"qmn_all_questions_count\" value=\"5\" \/>\n\t\t\t\t\t<input type=\"hidden\" name=\"total_questions\" id=\"total_questions\" value=\"5\" \/>\n\t\t\t\t\t<input type=\"hidden\" name=\"timer\" id=\"timer\" value=\"0\" \/>\n\t\t\t\t\t<input type=\"hidden\" name=\"timer_ms\" id=\"timer_ms\" value=\"0\"\/>\n\t\t\t\t\t<input type=\"hidden\" class=\"qmn_quiz_id\" name=\"qmn_quiz_id\" id=\"qmn_quiz_id\" value=\"1\" \/>\n\t\t\t\t\t<input type='hidden' name='complete_quiz' value='confirmation' \/>\n\t\t\t\t\t\t\t\t\t<\/form>\n\t\t<\/div>\n\t\t<div style=\"display: none;\" class=\"qsm-popup qsm-popup-slide\" id=\"modal-3\" aria-hidden=\"false\"><div class=\"qsm-popup__overlay\" tabindex=\"-1\" data-micromodal-close=\"\"><div class=\"qsm-popup__container qmn_quiz_container\" role=\"dialog\" aria-modal=\"true\"><div class=\"qsm-popup__content\"><img decoding=\"async\" src=\"https:\/\/www2.icb.ufmg.br\/napg\/wp-content\/plugins\/quiz-master-next\/assets\/clock.png\" alt=\"clock.png\"\/><p class=\"qsm-time-up-text\">Time is Up!<\/p><\/div><footer class=\"qsm-popup__footer\"><button class=\"qsm-popup-secondary-button qmn_btn\" data-micromodal-close=\"\" aria-label=\"Close this dialog window\">Cancel<\/button><button data-quiz_id=\"1\" class=\"submit-the-form qmn_btn\">Submit Quiz<\/button><\/footer><\/div><\/div><\/div><div style=\"display: none;\" class=\"qsm-popup qsm-popup-slide\" id=\"modal-4\" aria-hidden=\"false\"><div class=\"qsm-popup__overlay\" tabindex=\"-1\" data-micromodal-close=\"\"><div class=\"qsm-popup__container qmn_quiz_container\" role=\"dialog\" aria-modal=\"true\"><div class=\"qsm-popup__content\"><img decoding=\"async\" src=\"https:\/\/www2.icb.ufmg.br\/napg\/wp-content\/plugins\/quiz-master-next\/assets\/clock.png\" alt=\"clock.png\"\/><p class=\"qsm-time-up-text\"> Time's up<\/p><\/div><footer class=\"qsm-popup__footer\"><button class=\"qsm-popup-secondary-button qmn_btn\" data-micromodal-close=\"\" aria-label=\"Close this dialog window\" onclick=\"location.reload();\">Cancel<\/button><\/footer><\/div><\/div><\/div><\/div>\n\t\t\t\t<\/div>\n\t\t\t\t<\/div>\n\t\t\t\t\t\t<\/div>\n\t\t\t\t\t<\/div>\n\t\t<\/div>\n\t\t\t\t<div class=\"elementor-column elementor-col-50 elementor-top-column elementor-element elementor-element-5e951fb\" data-id=\"5e951fb\" data-element_type=\"column\">\n\t\t\t<div class=\"elementor-column-wrap elementor-element-populated\">\n\t\t\t\t\t\t\t<div class=\"elementor-widget-wrap\">\n\t\t\t\t\t\t<div class=\"elementor-element elementor-element-d59dd85 elementor-widget elementor-widget-sidebar\" data-id=\"d59dd85\" data-element_type=\"widget\" data-widget_type=\"sidebar.default\">\n\t\t\t\t<div class=\"elementor-widget-container\">\n\t\t\t<section id=\"search-2\" class=\"widget widget_search\">\n<form role=\"search\" method=\"get\" class=\"search-form\" autocomplete=\"off\" action=\"https:\/\/www2.icb.ufmg.br\/napg\/\">\n    <label>\n\t<span class=\"screen-reader-text\">Search for:<\/span>\n\t<input type=\"search\" class=\"search-field\" placeholder=\"Search &hellip;\" value=\"\" name=\"s\" title=\"Search for:\" \/>\n    <\/label>\n    <input type=\"submit\" class=\"search-submit\" value=\"\"><span class=\"screen-reader-text\">Search<\/span>\n<\/form><\/section><section id=\"categories-9\" class=\"widget widget_categories\"><h2 class=\"widget-title\">Categoria<\/h2>\n\t\t\t<ul>\n\t\t\t\t\t<li class=\"cat-item cat-item-42\"><a href=\"https:\/\/www2.icb.ufmg.br\/napg\/?cat=42\">Entreterimento &#8211; Espa\u00e7o teenager<\/a>\n<\/li>\n\t<li class=\"cat-item cat-item-12\"><a href=\"https:\/\/www2.icb.ufmg.br\/napg\/?cat=12\">Eventos NAPG<\/a>\n<\/li>\n\t<li class=\"cat-item cat-item-15\"><a href=\"https:\/\/www2.icb.ufmg.br\/napg\/?cat=15\">Nossa Galeria<\/a>\n<\/li>\n\t<li class=\"cat-item cat-item-18\"><a href=\"https:\/\/www2.icb.ufmg.br\/napg\/?cat=18\">Nossos n\u00fameros<\/a>\n<\/li>\n\t<li class=\"cat-item cat-item-11\"><a href=\"https:\/\/www2.icb.ufmg.br\/napg\/?cat=11\">Nossos v\u00eddeos<\/a>\n<\/li>\n\t<li class=\"cat-item cat-item-10\"><a href=\"https:\/\/www2.icb.ufmg.br\/napg\/?cat=10\">Not\u00edcias<\/a>\n<\/li>\n\t<li class=\"cat-item cat-item-1\"><a href=\"https:\/\/www2.icb.ufmg.br\/napg\/?cat=1\">Sem categoria<\/a>\n<\/li>\n\t\t\t<\/ul>\n\n\t\t\t<\/section>\t\t<\/div>\n\t\t\t\t<\/div>\n\t\t\t\t\t\t<\/div>\n\t\t\t\t\t<\/div>\n\t\t<\/div>\n\t\t\t\t\t\t\t\t<\/div>\n\t\t\t\t\t<\/div>\n\t\t<\/section>\n\t\t\t\t<section class=\"elementor-section elementor-top-section elementor-element elementor-element-76868f1 elementor-section-full_width elementor-section-stretched elementor-section-height-default elementor-section-height-default\" data-id=\"76868f1\" data-element_type=\"section\" data-settings=\"{&quot;stretch_section&quot;:&quot;section-stretched&quot;}\">\n\t\t\t\t\t\t<div class=\"elementor-container elementor-column-gap-extended\">\n\t\t\t\t\t\t\t<div class=\"elementor-row\">\n\t\t\t\t\t<div class=\"elementor-column elementor-col-100 elementor-top-column elementor-element elementor-element-45d264f\" data-id=\"45d264f\" data-element_type=\"column\">\n\t\t\t<div class=\"elementor-column-wrap elementor-element-populated\">\n\t\t\t\t\t\t\t<div class=\"elementor-widget-wrap\">\n\t\t\t\t\t\t<div class=\"elementor-element elementor-element-e78d48b elementor-widget elementor-widget-text-editor\" data-id=\"e78d48b\" data-element_type=\"widget\" data-widget_type=\"text-editor.default\">\n\t\t\t\t<div class=\"elementor-widget-container\">\n\t\t\t\t\t\t\t\t<div class=\"elementor-text-editor elementor-clearfix\">\n\t\t\t\t<p><strong><span style=\"color: #339966;\"><img decoding=\"async\" loading=\"lazy\" class=\"wp-image-2127\" src=\"https:\/\/www2.icb.ufmg.br\/napg\/wp-content\/uploads\/2018\/08\/old-telephone1-1.png\" alt=\"\" width=\"17\" height=\"17\" \/><\/span><\/strong><span style=\"color: #000000;\">\u00a0(31) 3409-2522<\/span><br \/><span style=\"color: #000000;\"><img decoding=\"async\" loading=\"lazy\" class=\"wp-image-2126\" src=\"https:\/\/www2.icb.ufmg.br\/napg\/wp-content\/uploads\/2018\/08\/black-back-closed-envelope-shape.png\" alt=\"\" width=\"15\" height=\"15\" \/>\u00a0napg@icb.ufmg.br<\/span><br \/><span style=\"color: #000000;\"><img decoding=\"async\" loading=\"lazy\" class=\"wp-image-2125\" src=\"https:\/\/www2.icb.ufmg.br\/napg\/wp-content\/uploads\/2018\/08\/locating.png\" alt=\"\" width=\"18\" height=\"18\" \/>Av. Ant\u00f4nio Carlos,\u00a0 6627 &#8211; ICB &#8211; Bloco F &#8211; 1\u00ba andar &#8211; Sala 70 &#8211; UFMG &#8211; Pampulha &#8211; 31270-901 &#8211; BH\/MG.<\/span><br \/><span style=\"color: #000000;\"><img decoding=\"async\" loading=\"lazy\" class=\"alignleft wp-image-2143\" src=\"https:\/\/www2.icb.ufmg.br\/napg\/wp-content\/uploads\/2018\/08\/car-fill-from-frontal-view.png\" alt=\"\" width=\"20\" height=\"20\" \/><a style=\"color: #000000;\" href=\"https:\/\/www2.icb.ufmg.br\/napg\/index.php\/2018\/08\/24\/como-chegar\/\">Como Chegar<\/a><\/span><\/p>\n<p><span style=\"color: #000000;\">Hor\u00e1rio de Atendimento: de segunda a sexta-feira das 8h \u00e0s 11h30 &#8211; 14h \u00e0s 16h<\/span><\/p>\t\t\t\t\t<\/div>\n\t\t\t\t\t\t<\/div>\n\t\t\t\t<\/div>\n\t\t\t\t\t\t<\/div>\n\t\t\t\t\t<\/div>\n\t\t<\/div>\n\t\t\t\t\t\t\t\t<\/div>\n\t\t\t\t\t<\/div>\n\t\t<\/section>\n\t\t\t\t\t\t<\/div>\n\t\t\t\t\t\t<\/div>\n\t\t\t\t\t<\/div>\n\t\t","protected":false},"excerpt":{"rendered":"<p>Bem-vindo ao Quiz &#8211; A Terra, Estrutura da Terra (31) 3409-2522 napg@icb.ufmg.brAv. Ant\u00f4nio Carlos, 6627 &#8211; ICB &#8211; Bloco F &#8211; 1\u00ba andar &#8211; Sala 70 &#8211; UFMG &#8211; Pampulha &#8211; 31270-901 &#8211; BH\/MG.Como Chegar Hor\u00e1rio de Atendimento: de segunda a sexta-feira das 8h \u00e0s 11h30 &#8211; 14h \u00e0s 16h<\/p>\n","protected":false},"author":1,"featured_media":0,"comment_status":"open","ping_status":"open","sticky":false,"template":"elementor_header_footer","format":"standard","meta":[],"categories":[1],"tags":[],"_links":{"self":[{"href":"https:\/\/www2.icb.ufmg.br\/napg\/index.php?rest_route=\/wp\/v2\/posts\/14232"}],"collection":[{"href":"https:\/\/www2.icb.ufmg.br\/napg\/index.php?rest_route=\/wp\/v2\/posts"}],"about":[{"href":"https:\/\/www2.icb.ufmg.br\/napg\/index.php?rest_route=\/wp\/v2\/types\/post"}],"author":[{"embeddable":true,"href":"https:\/\/www2.icb.ufmg.br\/napg\/index.php?rest_route=\/wp\/v2\/users\/1"}],"replies":[{"embeddable":true,"href":"https:\/\/www2.icb.ufmg.br\/napg\/index.php?rest_route=%2Fwp%2Fv2%2Fcomments&post=14232"}],"version-history":[{"count":51,"href":"https:\/\/www2.icb.ufmg.br\/napg\/index.php?rest_route=\/wp\/v2\/posts\/14232\/revisions"}],"predecessor-version":[{"id":17562,"href":"https:\/\/www2.icb.ufmg.br\/napg\/index.php?rest_route=\/wp\/v2\/posts\/14232\/revisions\/17562"}],"wp:attachment":[{"href":"https:\/\/www2.icb.ufmg.br\/napg\/index.php?rest_route=%2Fwp%2Fv2%2Fmedia&parent=14232"}],"wp:term":[{"taxonomy":"category","embeddable":true,"href":"https:\/\/www2.icb.ufmg.br\/napg\/index.php?rest_route=%2Fwp%2Fv2%2Fcategories&post=14232"},{"taxonomy":"post_tag","embeddable":true,"href":"https:\/\/www2.icb.ufmg.br\/napg\/index.php?rest_route=%2Fwp%2Fv2%2Ftags&post=14232"}],"curies":[{"name":"wp","href":"https:\/\/api.w.org\/{rel}","templated":true}]}}