{"id":11,"date":"2015-05-21T01:32:41","date_gmt":"2015-05-21T04:32:41","guid":{"rendered":"http:\/\/www.icb.ufmg.br\/napg\/?page_id=11"},"modified":"2026-04-22T07:26:18","modified_gmt":"2026-04-22T10:26:18","slug":"pessoal-composicao-atual-do-napg","status":"publish","type":"post","link":"https:\/\/www2.icb.ufmg.br\/napg\/?p=11","title":{"rendered":"Membros do NAPG"},"content":{"rendered":"\t\t<div data-elementor-type=\"wp-post\" data-elementor-id=\"11\" class=\"elementor elementor-11\" data-elementor-settings=\"[]\">\n\t\t\t\t\t\t<div class=\"elementor-inner\">\n\t\t\t\t\t\t\t<div class=\"elementor-section-wrap\">\n\t\t\t\t\t\t\t<section class=\"elementor-section elementor-top-section elementor-element elementor-element-46c30e58 elementor-section-full_width elementor-section-height-min-height elementor-section-items-top elementor-section-content-top elementor-section-height-default\" data-id=\"46c30e58\" data-element_type=\"section\">\n\t\t\t\t\t\t<div class=\"elementor-container elementor-column-gap-extended\">\n\t\t\t\t\t\t\t<div class=\"elementor-row\">\n\t\t\t\t\t<div class=\"elementor-column elementor-col-100 elementor-top-column elementor-element elementor-element-4f17baf0\" data-id=\"4f17baf0\" data-element_type=\"column\">\n\t\t\t<div class=\"elementor-column-wrap elementor-element-populated\">\n\t\t\t\t\t\t\t<div class=\"elementor-widget-wrap\">\n\t\t\t\t\t\t<div class=\"elementor-element elementor-element-6b916de elementor-widget elementor-widget-text-editor\" data-id=\"6b916de\" data-element_type=\"widget\" data-widget_type=\"text-editor.default\">\n\t\t\t\t<div class=\"elementor-widget-container\">\n\t\t\t\t\t\t\t\t<div class=\"elementor-text-editor elementor-clearfix\">\n\t\t\t\t<p style=\"text-align: center;\"><span style=\"font-family: georgia, palatino, serif; font-size: 36px; color: #339966;\"><strong>Membros do Colegiado NAPG\u00a0<\/strong><\/span><\/p>\t\t\t\t\t<\/div>\n\t\t\t\t\t\t<\/div>\n\t\t\t\t<\/div>\n\t\t\t\t\t\t<\/div>\n\t\t\t\t\t<\/div>\n\t\t<\/div>\n\t\t\t\t\t\t\t\t<\/div>\n\t\t\t\t\t<\/div>\n\t\t<\/section>\n\t\t\t\t<section class=\"elementor-section elementor-top-section elementor-element elementor-element-218253a4 elementor-section-full_width elementor-section-height-min-height elementor-section-items-top elementor-section-content-top elementor-section-stretched elementor-section-height-default\" data-id=\"218253a4\" data-element_type=\"section\" data-settings=\"{&quot;stretch_section&quot;:&quot;section-stretched&quot;}\">\n\t\t\t\t\t\t<div class=\"elementor-container elementor-column-gap-extended\">\n\t\t\t\t\t\t\t<div class=\"elementor-row\">\n\t\t\t\t\t<div class=\"elementor-column elementor-col-66 elementor-top-column elementor-element elementor-element-10ea231\" data-id=\"10ea231\" data-element_type=\"column\">\n\t\t\t<div class=\"elementor-column-wrap elementor-element-populated\">\n\t\t\t\t\t\t\t<div class=\"elementor-widget-wrap\">\n\t\t\t\t\t\t<div class=\"elementor-element elementor-element-317f224 elementor-widget elementor-widget-text-editor\" data-id=\"317f224\" data-element_type=\"widget\" data-widget_type=\"text-editor.default\">\n\t\t\t\t<div class=\"elementor-widget-container\">\n\t\t\t\t\t\t\t\t<div class=\"elementor-text-editor elementor-clearfix\">\n\t\t\t\t<p>\u00a0<\/p>\n<table style=\"height: 560px; width: 96.2658%;\" width=\"1109\">\n<tbody>\n<tr style=\"height: 40px;\">\n<td style=\"height: 40px; width: 90.3826%; background-color: #4cd9e6; text-align: center; border-style: dotted; border-color: #a3f0e0;\" colspan=\"5\"><span style=\"color: #000000;\"><strong><span style=\"font-size: 20px;\">MEMBROS DO COLEGIADO NAPG<\/span><br \/><\/strong><\/span><\/td>\n<\/tr>\n<tr style=\"height: 10px;\">\n<td style=\"height: 20px; width: 19.2474%; text-align: center; border-style: dotted; border-color: #a3f0e0;\" rowspan=\"2\"><span style=\"color: #000000; font-size: 12px; font-family: verdana, geneva, sans-serif;\"><strong>Programa<\/strong><\/span><\/td>\n<td style=\"height: 20px; width: 50.4768%; text-align: center; border-style: dotted; border-color: #a3f0e0;\" colspan=\"2\" rowspan=\"2\"><span style=\"color: #000000; font-size: 12px; font-family: verdana, geneva, sans-serif;\"><strong>Fun\u00e7\u00e3o \/ Nome<\/strong><\/span><\/td>\n<td style=\"height: 10px; width: 20.6584%; text-align: center; border-style: dotted; border-color: #a3f0e0;\" colspan=\"2\"><span style=\"color: #000000; font-size: 12px; font-family: verdana, geneva, sans-serif;\"><strong>Mandato<\/strong><\/span><\/td>\n<\/tr>\n<tr style=\"height: 10px;\">\n<td style=\"height: 10px; width: 1.9665%; text-align: center; border-style: dotted; border-color: #a3f0e0;\"><span style=\"color: #000000; font-size: 12px; font-family: verdana, geneva, sans-serif;\"><strong>In\u00edcio<\/strong><\/span><\/td>\n<td style=\"height: 10px; width: 18.6919%; text-align: center; border-style: dotted; border-color: #a3f0e0;\"><span style=\"color: #000000; font-size: 12px; font-family: verdana, geneva, sans-serif;\"><strong>T\u00e9rmino<\/strong><\/span><\/td>\n<\/tr>\n<tr style=\"height: 10px;\">\n<td style=\"height: 20px; width: 19.2474%; border-style: dotted; border-color: #a3f0e0;\" rowspan=\"2\"><span style=\"color: #000000; font-family: verdana, geneva, sans-serif; font-size: 12px;\">NAPG<\/span><\/td>\n<td style=\"height: 10px; width: 17.6443%; border-style: dotted; border-color: #a3f0e0;\"><span style=\"color: #000000; font-family: verdana, geneva, sans-serif; font-size: 12px;\">Coordenador<\/span><\/td>\n<td style=\"height: 10px; width: 32.8325%; border-style: dotted; border-color: #a3f0e0;\"><span style=\"color: #000000; font-family: verdana, geneva, sans-serif; font-size: 12px;\">\u00a0Fernanda R. C. Lobato de Almeida<\/span><\/td>\n<td style=\"height: 10px; width: 1.9665%; text-align: center; border-style: dotted; border-color: #a3f0e0;\"><span style=\"font-size: 12px; font-family: verdana, geneva, sans-serif; color: #000000;\">18\/10\/2024<\/span><\/td>\n<td style=\"height: 10px; width: 18.6919%; text-align: center; border-style: dotted; border-color: #a3f0e0;\"><span style=\"font-size: 12px; font-family: verdana, geneva, sans-serif; color: #000000;\">17\/10\/2026<\/span><\/td>\n<\/tr>\n<tr style=\"height: 10px;\">\n<td style=\"height: 10px; width: 17.6443%; border-style: dotted; border-color: #a3f0e0;\"><span style=\"color: #000000; font-family: verdana, geneva, sans-serif; font-size: 12px;\">Subcoordenador<\/span><\/td>\n<td style=\"height: 10px; width: 32.8325%; border-style: dotted; border-color: #a3f0e0;\"><span style=\"color: #000000; font-family: verdana, geneva, sans-serif; font-size: 12px;\">Frederico M. Soriani<\/span><\/td>\n<td style=\"height: 10px; width: 1.9665%; text-align: center; border-style: dotted; border-color: #a3f0e0;\"><span style=\"color: #000000; font-size: 12px; font-family: verdana, geneva, sans-serif;\">18\/10\/2024<\/span><\/td>\n<td style=\"height: 10px; width: 18.6919%; text-align: center; border-style: dotted; border-color: #a3f0e0;\"><span style=\"color: #000000; font-size: 12px; font-family: verdana, geneva, sans-serif;\">17\/10\/2026<\/span><\/td>\n<\/tr>\n<tr style=\"height: 10px;\">\n<td style=\"height: 20px; width: 19.2474%; border-style: dotted; border-color: #a3f0e0;\" rowspan=\"2\"><span style=\"color: #000000; font-family: verdana, geneva, sans-serif; font-size: 12px;\">Bioinform\u00e1tica<\/span><\/td>\n<td style=\"height: 10px; width: 17.6443%; border-style: dotted; border-color: #a3f0e0;\"><span style=\"color: #000000; font-family: verdana, geneva, sans-serif; font-size: 12px;\">Coordenador<\/span><\/td>\n<td style=\"height: 10px; width: 32.8325%; border-style: dotted; border-color: #a3f0e0;\"><span style=\"color: #000000; font-family: verdana, geneva, sans-serif; font-size: 12px;\">Raquel Cardoso de Melo Minardi<\/span><\/td>\n<td style=\"height: 10px; width: 1.9665%; text-align: center; border-style: dotted; border-color: #a3f0e0;\"><span style=\"color: #000000; font-size: 12px; font-family: verdana, geneva, sans-serif;\">\u00a013\/05\/2024<\/span><\/td>\n<td style=\"height: 10px; width: 18.6919%; text-align: center; border-style: dotted; border-color: #a3f0e0;\"><span style=\"color: #000000; font-size: 12px; font-family: verdana, geneva, sans-serif;\">12\/05\/2026<\/span><\/td>\n<\/tr>\n<tr style=\"height: 10px;\">\n<td style=\"height: 10px; width: 17.6443%; border-style: dotted; border-color: #a3f0e0;\"><span style=\"color: #000000; font-family: verdana, geneva, sans-serif; font-size: 12px;\">Subcoordenador<\/span><\/td>\n<td style=\"height: 10px; width: 32.8325%; border-style: dotted; border-color: #a3f0e0;\"><span style=\"font-family: verdana, geneva, sans-serif; font-size: 12px; color: #000000;\">Fl\u00e1via Figueira Aburjaile<\/span><\/td>\n<td style=\"height: 10px; width: 1.9665%; text-align: center; border-style: dotted; border-color: #a3f0e0;\"><span style=\"color: #000000; font-size: 12px; font-family: verdana, geneva, sans-serif;\">02\/05\/2024\u00a0<\/span><\/td>\n<td style=\"height: 10px; width: 18.6919%; text-align: center; border-style: dotted; border-color: #a3f0e0;\"><span style=\"color: #000000; font-size: 12px; font-family: verdana, geneva, sans-serif;\">01\/05\/2026<\/span><\/td>\n<\/tr>\n<tr style=\"height: 10px;\">\n<td style=\"height: 20px; width: 19.2474%; border-style: dotted; border-color: #a3f0e0;\" rowspan=\"2\"><span style=\"color: #000000; font-family: verdana, geneva, sans-serif; font-size: 12px;\">Biologia Celular<\/span><\/td>\n<td style=\"height: 10px; width: 17.6443%; border-style: dotted; border-color: #a3f0e0;\"><span style=\"font-size: 12px; font-family: verdana, geneva, sans-serif; color: #000000;\">Coordenador<\/span><\/td>\n<td style=\"height: 10px; width: 32.8325%; border-style: dotted; border-color: #a3f0e0;\"><span style=\"font-size: 12px; font-family: verdana, geneva, sans-serif; color: #000000;\">Erika Cristina Jorge<\/span><\/td>\n<td style=\"height: 10px; width: 1.9665%; text-align: center; border-style: dotted; border-color: #a3f0e0;\"><span style=\"color: #000000; font-size: 12px; font-family: verdana, geneva, sans-serif;\">13\/05\/2025<\/span><\/td>\n<td style=\"height: 10px; width: 18.6919%; text-align: center; border-style: dotted; border-color: #a3f0e0;\"><span style=\"color: #000000; font-size: 12px; font-family: verdana, geneva, sans-serif;\"> 30\/05\/2027<\/span><\/td>\n<\/tr>\n<tr style=\"height: 10px;\">\n<td style=\"height: 10px; width: 17.6443%; border-style: dotted; border-color: #a3f0e0;\"><span style=\"color: #000000; font-family: verdana, geneva, sans-serif; font-size: 12px;\">Subcoordenador<\/span><\/td>\n<td style=\"height: 10px; width: 32.8325%; border-style: dotted; border-color: #a3f0e0;\"><span style=\"color: #000000; font-size: 12px; font-family: verdana, geneva, sans-serif;\">Guilherme Mattos Jardim Costa<\/span><\/td>\n<td style=\"height: 10px; width: 1.9665%; text-align: center; border-style: dotted; border-color: #a3f0e0;\"><span style=\"color: #000000; font-size: 12px; font-family: verdana, geneva, sans-serif;\">13\/05\/2025\u00a0<\/span><\/td>\n<td style=\"height: 10px; width: 18.6919%; text-align: center; border-style: dotted; border-color: #a3f0e0;\"><span style=\"color: #000000; font-size: 12px; font-family: verdana, geneva, sans-serif;\">30\/05\/2027<\/span><\/td>\n<\/tr>\n<tr style=\"height: 11px;\">\n<td style=\"height: 21px; width: 19.2474%; border-style: dotted; border-color: #a3f0e0;\" rowspan=\"2\"><span style=\"color: #000000; font-family: verdana, geneva, sans-serif; font-size: 12px;\">Biologia Vegetal<\/span><\/td>\n<td style=\"height: 11px; width: 17.6443%; border-style: dotted; border-color: #a3f0e0;\"><span style=\"color: #000000; font-family: verdana, geneva, sans-serif; font-size: 12px;\">Coordenador<\/span><\/td>\n<td style=\"height: 11px; width: 32.8325%; border-style: dotted; border-color: #a3f0e0;\"><span style=\"color: #000000; font-size: 12px; font-family: verdana, geneva, sans-serif;\">Rosy Mary dos Santos Isaias<\/span><\/td>\n<td style=\"height: 11px; width: 1.9665%; text-align: center; border-style: dotted; border-color: #a3f0e0;\"><span style=\"font-size: 12px; font-family: verdana, geneva, sans-serif; color: #000000;\"> 13\/09\/2024<\/span><\/td>\n<td style=\"height: 11px; width: 18.6919%; text-align: center; border-style: dotted; border-color: #a3f0e0;\"><span style=\"font-size: 12px; font-family: verdana, geneva, sans-serif; color: #000000;\">12\/09\/2026\u00a0<\/span><\/td>\n<\/tr>\n<tr style=\"height: 10px;\">\n<td style=\"height: 10px; width: 17.6443%; border-style: dotted; border-color: #a3f0e0;\"><span style=\"color: #000000; font-family: verdana, geneva, sans-serif; font-size: 12px;\">Subcoordenador<\/span><\/td>\n<td style=\"height: 10px; width: 32.8325%; border-style: dotted; border-color: #a3f0e0; text-align: left;\"><span style=\"font-size: 12px; font-family: verdana, geneva, sans-serif; color: #000000;\">Ada\u00edses Simone Maciel Silva<\/span><\/td>\n<td style=\"height: 10px; width: 1.9665%; text-align: center; border-style: dotted; border-color: #a3f0e0;\"><span style=\"font-size: 12px; font-family: verdana, geneva, sans-serif; color: #000000;\">26\/03\/2025<\/span><\/td>\n<td style=\"height: 10px; width: 18.6919%; text-align: center; border-style: dotted; border-color: #a3f0e0;\"><span style=\"font-size: 12px; font-family: verdana, geneva, sans-serif; color: #000000;\">25\/03\/2027<\/span><\/td>\n<\/tr>\n<tr style=\"height: 20px;\">\n<td style=\"height: 31px; width: 19.2474%; border-style: dotted; border-color: #a3f0e0;\" rowspan=\"2\"><span style=\"color: #000000; font-family: verdana, geneva, sans-serif; font-size: 12px;\">Bioqu\u00edmica e Imunologia<\/span><\/td>\n<td style=\"height: 20px; width: 17.6443%; border-style: dotted; border-color: #a3f0e0;\"><span style=\"color: #000000; font-family: verdana, geneva, sans-serif; font-size: 12px;\">Coordenador<\/span><\/td>\n<td style=\"height: 20px; width: 32.8325%; border-style: dotted; border-color: #a3f0e0;\"><span style=\"font-size: 12px; font-family: verdana, geneva, sans-serif; color: #000000;\">Fl\u00e1vio Almeida Amaral<\/span><\/td>\n<td style=\"height: 20px; width: 1.9665%; text-align: center; border-style: dotted; border-color: #a3f0e0;\"><span style=\"color: #000000;\">\u00a0<span style=\"font-size: 12px; font-family: verdana, geneva, sans-serif;\">22\/05\/2025<\/span><\/span><\/td>\n<td style=\"height: 20px; width: 18.6919%; text-align: center; border-style: dotted; border-color: #a3f0e0;\"><span style=\"font-size: 12px; font-family: verdana, geneva, sans-serif; color: #000000;\">21\/05\/2027<\/span><\/td>\n<\/tr>\n<tr style=\"height: 11px;\">\n<td style=\"height: 11px; width: 17.6443%; border-style: dotted; border-color: #a3f0e0;\"><span style=\"color: #000000; font-family: verdana, geneva, sans-serif; font-size: 12px;\">Subcoordenador<\/span><\/td>\n<td style=\"height: 11px; width: 32.8325%; border-style: dotted; border-color: #a3f0e0;\"><span style=\"font-size: 12px; font-family: verdana, geneva, sans-serif; color: #000000;\">Ronaldo Alves Pinto Nagem<\/span><\/td>\n<td style=\"height: 11px; width: 1.9665%; text-align: center; border-style: dotted; border-color: #a3f0e0;\"><span style=\"font-size: 12px; font-family: verdana, geneva, sans-serif; color: #000000;\">03\/06\/2025<\/span><\/td>\n<td style=\"height: 11px; width: 18.6919%; text-align: center; border-style: dotted; border-color: #a3f0e0;\"><span style=\"font-size: 12px; font-family: verdana, geneva, sans-serif; color: #000000;\">02\/06\/2027<\/span><\/td>\n<\/tr>\n<tr style=\"height: 19px;\">\n<td style=\"height: 37px; width: 19.2474%; border-style: dotted; border-color: #a3f0e0;\" rowspan=\"2\"><span style=\"color: #000000; font-family: verdana, geneva, sans-serif; font-size: 12px;\">Ecologia, Conserva\u00e7\u00e3o e Manejo da Vida Silvestre<\/span><\/td>\n<td style=\"height: 19px; width: 17.6443%; border-style: dotted; border-color: #a3f0e0;\"><span style=\"color: #000000; font-family: verdana, geneva, sans-serif; font-size: 12px;\">Coordenador<\/span><\/td>\n<td style=\"height: 19px; width: 32.8325%; border-style: dotted; border-color: #a3f0e0;\"><span style=\"font-size: 12px; font-family: verdana, geneva, sans-serif; color: #000000;\">Ricardo Ribeiro de Castro Solar<\/span><\/td>\n<td style=\"height: 19px; width: 1.9665%; text-align: center; border-style: dotted; border-color: #a3f0e0;\"><span style=\"font-size: 12px; font-family: verdana, geneva, sans-serif; color: #000000;\">01\/03\/2026<\/span><\/td>\n<td style=\"height: 19px; width: 18.6919%; text-align: center; border-style: dotted; border-color: #a3f0e0;\"><span style=\"font-size: 12px; font-family: verdana, geneva, sans-serif; color: #000000;\">01\/03\/2028<\/span><\/td>\n<\/tr>\n<tr style=\"height: 18px;\">\n<td style=\"height: 18px; width: 17.6443%; border-style: dotted; border-color: #a3f0e0;\"><span style=\"color: #000000; font-family: verdana, geneva, sans-serif; font-size: 12px;\">Subcoordenador<\/span><\/td>\n<td style=\"height: 18px; width: 32.8325%; border-style: dotted; border-color: #a3f0e0;\"><span style=\"font-size: 12px; font-family: verdana, geneva, sans-serif; color: #000000;\">Fernando Augusto de Oliveira e Silveira<\/span><\/td>\n<td style=\"height: 18px; width: 1.9665%; text-align: center; border-style: dotted; border-color: #a3f0e0;\"><span style=\"font-size: 12px; font-family: verdana, geneva, sans-serif; color: #000000;\">26\/01\/2026\u00a0<\/span><\/td>\n<td style=\"height: 18px; width: 18.6919%; text-align: center; border-style: dotted; border-color: #a3f0e0;\"><span style=\"font-size: 12px; font-family: verdana, geneva, sans-serif; color: #000000;\">26\/01\/2028<\/span><\/td>\n<\/tr>\n<tr style=\"height: 15px;\">\n<td style=\"height: 25px; width: 19.2474%; border-style: dotted; border-color: #a3f0e0;\" rowspan=\"2\"><span style=\"color: #000000; font-family: verdana, geneva, sans-serif; font-size: 12px;\">Fisiologia e Farmacologia<\/span><\/td>\n<td style=\"height: 15px; width: 17.6443%; border-style: dotted; border-color: #a3f0e0;\"><span style=\"color: #000000; font-family: verdana, geneva, sans-serif; font-size: 12px;\">Coordenador<\/span><\/td>\n<td style=\"height: 15px; width: 32.8325%; border-style: dotted; border-color: #a3f0e0;\"><span style=\"font-size: 12px; font-family: verdana, geneva, sans-serif; color: #000000;\">Andr\u00e9 Ricardo Massensini<\/span><\/td>\n<td style=\"height: 15px; width: 1.9665%; text-align: center; border-style: dotted; border-color: #a3f0e0;\"><span style=\"font-size: 12px; font-family: verdana, geneva, sans-serif; color: #000000;\">\u00a029\/04\/2025<\/span><\/td>\n<td style=\"height: 15px; width: 18.6919%; text-align: center; border-style: dotted; border-color: #a3f0e0;\"><span style=\"font-size: 12px; font-family: verdana, geneva, sans-serif; color: #000000;\">29\/04\/2027<\/span><\/td>\n<\/tr>\n<tr style=\"height: 10px;\">\n<td style=\"height: 10px; width: 17.6443%; border-style: dotted; border-color: #a3f0e0;\"><span style=\"color: #000000; font-family: verdana, geneva, sans-serif; font-size: 12px;\">Subcoordenador<\/span><\/td>\n<td style=\"height: 10px; width: 32.8325%; border-style: dotted; border-color: #a3f0e0;\"><span style=\"font-size: 12px; font-family: verdana, geneva, sans-serif; color: #000000;\">Ant\u00f4nio Carlos Pinheiro de Oliveira<\/span><\/td>\n<td style=\"height: 10px; width: 1.9665%; text-align: center; border-style: dotted; border-color: #a3f0e0;\"><span style=\"font-size: 12px; font-family: verdana, geneva, sans-serif; color: #000000;\">29\/04\/2025<\/span><\/td>\n<td style=\"height: 10px; width: 18.6919%; text-align: center; border-style: dotted; border-color: #a3f0e0;\"><span style=\"font-size: 12px; font-family: verdana, geneva, sans-serif; color: #000000;\">29\/04\/2027<\/span><\/td>\n<\/tr>\n<tr style=\"height: 10px;\">\n<td style=\"height: 20px; width: 19.2474%; border-style: dotted; border-color: #a3f0e0;\" rowspan=\"2\"><span style=\"color: #000000; font-family: verdana, geneva, sans-serif; font-size: 12px;\">Gen\u00e9tica<\/span><\/td>\n<td style=\"height: 10px; width: 17.6443%; border-style: dotted; border-color: #a3f0e0;\"><span style=\"color: #000000; font-family: verdana, geneva, sans-serif; font-size: 12px;\">Coordenador<\/span><\/td>\n<td style=\"height: 10px; width: 32.8325%; border-style: dotted; border-color: #a3f0e0;\"><span style=\"font-family: verdana, geneva, sans-serif; font-size: 12px; color: #000000;\">Renato Santana<\/span><\/td>\n<td style=\"height: 10px; width: 1.9665%; text-align: center; border-style: dotted; border-color: #a3f0e0;\"><span style=\"font-family: verdana, geneva, sans-serif; font-size: 12px; color: #000000;\">01\/09\/2025<\/span><\/td>\n<td style=\"height: 10px; width: 18.6919%; text-align: center; border-style: dotted; border-color: #a3f0e0;\"><span style=\"font-family: verdana, geneva, sans-serif; font-size: 12px; color: #000000;\">31\/08\/2027<\/span><\/td>\n<\/tr>\n<tr style=\"height: 10px;\">\n<td style=\"height: 10px; width: 17.6443%; border-style: dotted; border-color: #a3f0e0;\"><span style=\"color: #000000; font-family: verdana, geneva, sans-serif; font-size: 12px;\">Subcoordenador<\/span><\/td>\n<td style=\"height: 10px; width: 32.8325%; border-style: dotted; border-color: #a3f0e0;\"><span style=\"font-size: 12px; font-family: verdana, geneva, sans-serif; color: #000000;\">Gustavo Kuhn<\/span><\/td>\n<td style=\"height: 10px; width: 1.9665%; text-align: center; border-style: dotted; border-color: #a3f0e0;\"><span style=\"font-size: 12px; font-family: verdana, geneva, sans-serif; color: #000000;\">01\/09\/2025<\/span><\/td>\n<td style=\"height: 10px; width: 18.6919%; text-align: center; border-style: dotted; border-color: #a3f0e0;\"><span style=\"font-size: 12px; font-family: verdana, geneva, sans-serif; color: #000000;\">31\/08\/2027<\/span><\/td>\n<\/tr>\n<tr style=\"height: 13px;\">\n<td style=\"height: 20px; width: 19.2474%; border-style: dotted; border-color: #a3f0e0;\" rowspan=\"2\"><span style=\"color: #000000; font-family: verdana, geneva, sans-serif; font-size: 12px;\">Inova\u00e7\u00e3o Tecnologica e Propriedade Intelectual (Mestrado Profissional)<\/span><\/td>\n<td style=\"height: 10px; width: 17.6443%; border-style: dotted; border-color: #a3f0e0;\"><span style=\"color: #000000; font-family: verdana, geneva, sans-serif; font-size: 12px;\">Coordenador<\/span><\/td>\n<td style=\"height: 10px; width: 32.8325%; border-style: dotted; border-color: #a3f0e0;\"><span style=\"color: #000000; font-family: verdana, geneva, sans-serif; font-size: 12px;\">Carlos Alberto Tagliati<\/span><\/td>\n<td style=\"height: 10px; width: 1.9665%; text-align: center; border-style: dotted; border-color: #a3f0e0;\"><span style=\"font-size: 12px; font-family: verdana, geneva, sans-serif; color: #000000;\">09\/04\/2024<\/span><\/td>\n<td style=\"height: 10px; width: 18.6919%; text-align: center; border-style: dotted; border-color: #a3f0e0;\"><span style=\"font-size: 12px; font-family: verdana, geneva, sans-serif; color: #000000;\">08\/04\/2026<\/span><\/td>\n<\/tr>\n<tr style=\"height: 10px;\">\n<td style=\"height: 10px; width: 17.6443%; border-style: dotted; border-color: #a3f0e0;\"><span style=\"color: #000000; font-family: verdana, geneva, sans-serif; font-size: 12px;\">Subcoordenador<\/span><\/td>\n<td style=\"height: 10px; width: 32.8325%; border-style: dotted; border-color: #a3f0e0;\"><span style=\"color: #000000; font-size: 12px; font-family: verdana, geneva, sans-serif;\">Francisco Vidal Barbosa<\/span><\/td>\n<td style=\"height: 10px; width: 1.9665%; text-align: center; border-style: dotted; border-color: #a3f0e0;\"><span style=\"color: #000000; font-family: verdana, geneva, sans-serif; font-size: 12px;\">08\/04\/2024<\/span><\/td>\n<td style=\"height: 10px; width: 18.6919%; text-align: center; border-style: dotted; border-color: #a3f0e0;\"><span style=\"color: #000000; font-family: verdana, geneva, sans-serif; font-size: 12px;\">08\/04\/2026<\/span><\/td>\n<\/tr>\n<tr style=\"height: 10px;\">\n<td style=\"height: 20px; width: 19.2474%; border-style: dotted; border-color: #a3f0e0;\" rowspan=\"2\"><span style=\"color: #000000; font-family: verdana, geneva, sans-serif; font-size: 12px;\">Inova\u00e7\u00e3o Tecnol\u00f3gica\u00a0<\/span><\/td>\n<td style=\"height: 10px; width: 17.6443%; border-style: dotted; border-color: #a3f0e0;\"><span style=\"color: #000000; font-family: verdana, geneva, sans-serif; font-size: 12px;\">Coordenador<\/span><\/td>\n<td style=\"height: 10px; width: 32.8325%; border-style: dotted; border-color: #a3f0e0;\">\n<p><span style=\"font-size: 12px; color: #000000; font-family: verdana, geneva, sans-serif;\">Allan Claudius Queiroz Barbosa<\/span><\/p>\n<\/td>\n<td style=\"height: 10px; width: 1.9665%; text-align: center; border-style: dotted; border-color: #a3f0e0;\"><span style=\"font-size: 12px; font-family: verdana, geneva, sans-serif; color: #000000;\">06\/10\/2023<\/span><\/td>\n<td style=\"height: 10px; width: 18.6919%; text-align: center; border-style: dotted; border-color: #a3f0e0;\"><span style=\"font-size: 12px; font-family: verdana, geneva, sans-serif; color: #000000;\">06\/10\/2025<\/span><\/td>\n<\/tr>\n<tr style=\"height: 10px;\">\n<td style=\"height: 10px; width: 17.6443%; border-style: dotted; border-color: #a3f0e0;\"><span style=\"color: #000000; font-family: verdana, geneva, sans-serif; font-size: 12px;\">Subcoordenador<\/span><\/td>\n<td style=\"height: 10px; width: 32.8325%; border-style: dotted; border-color: #a3f0e0;\">\n<p><span style=\"font-size: 12px; color: #000000; font-family: verdana, geneva, sans-serif;\">Maria Esperanza Cortes Segura<\/span><\/p>\n<\/td>\n<td style=\"height: 10px; width: 1.9665%; text-align: center; border-style: dotted; border-color: #a3f0e0;\"><span style=\"color: #000000; font-size: 12px; font-family: verdana, geneva, sans-serif;\">15\/09\/2023<\/span><\/td>\n<td style=\"height: 10px; width: 18.6919%; text-align: center; border-style: dotted; border-color: #a3f0e0;\"><span style=\"color: #000000; font-size: 12px; font-family: verdana, geneva, sans-serif;\">14\/09\/2025<\/span><\/td>\n<\/tr>\n<tr style=\"height: 12px;\">\n<td style=\"height: 25px; width: 19.2474%; border-style: dotted; border-color: #a3f0e0;\" rowspan=\"2\"><span style=\"color: #000000; font-family: verdana, geneva, sans-serif; font-size: 12px;\">Microbiologia<\/span><\/td>\n<td style=\"height: 10px; width: 17.6443%; border-style: dotted; border-color: #a3f0e0;\"><span style=\"color: #000000; font-family: verdana, geneva, sans-serif; font-size: 12px;\">Coordenador<\/span><\/td>\n<td style=\"height: 10px; width: 32.8325%; border-style: dotted; border-color: #a3f0e0;\"><span style=\"font-size: 12px; font-family: verdana, geneva, sans-serif; color: #000000;\">Caio Tavares Fagundes<\/span><\/td>\n<td style=\"height: 10px; width: 1.9665%; text-align: center; border-style: dotted; border-color: #a3f0e0;\"><span style=\"font-size: 12px; font-family: verdana, geneva, sans-serif; color: #000000;\">02\/07\/2025<\/span><\/td>\n<td style=\"height: 10px; width: 18.6919%; text-align: center; border-style: dotted; border-color: #a3f0e0;\">\n<p><span style=\"font-size: 12px; font-family: verdana, geneva, sans-serif; color: #000000;\">02\/07\/2027<\/span><\/p>\n<\/td>\n<\/tr>\n<tr style=\"height: 10px;\">\n<td style=\"height: 15px; width: 17.6443%; border-style: dotted; border-color: #a3f0e0;\"><span style=\"color: #000000; font-family: verdana, geneva, sans-serif; font-size: 12px;\">Subcoordenador<\/span><\/td>\n<td style=\"height: 15px; width: 32.8325%; border-style: dotted; border-color: #a3f0e0;\"><span style=\"font-size: 12px; font-family: verdana, geneva, sans-serif; color: #000000;\">Jordana Grazziela Alves Coelho dos Reis<\/span><\/td>\n<td style=\"height: 15px; width: 1.9665%; text-align: center; border-style: dotted; border-color: #a3f0e0;\"><span style=\"font-size: 12px; font-family: verdana, geneva, sans-serif; color: #000000;\">02\/07\/2025<\/span><\/td>\n<td style=\"height: 15px; width: 18.6919%; text-align: center; border-style: dotted; border-color: #a3f0e0;\"><span style=\"font-size: 12px; font-family: verdana, geneva, sans-serif; color: #000000;\">02\/07\/2027<\/span><\/td>\n<\/tr>\n<tr style=\"height: 15px;\">\n<td style=\"height: 36px; width: 19.2474%; border-style: dotted; border-color: #a3f0e0;\" rowspan=\"2\"><span style=\"color: #000000; font-family: verdana, geneva, sans-serif; font-size: 12px;\">Microbiologia Aplicada<\/span><\/td>\n<td style=\"height: 15px; width: 17.6443%; border-style: dotted; border-color: #a3f0e0;\"><span style=\"color: #000000; font-family: verdana, geneva, sans-serif; font-size: 12px;\">Coordenador<\/span><\/td>\n<td style=\"height: 15px; width: 32.8325%; border-style: dotted; border-color: #a3f0e0;\"><span style=\"font-size: 12px; font-family: verdana, geneva, sans-serif; color: #000000;\">Vera L\u00facia dos Santos<\/span><\/td>\n<td style=\"height: 15px; width: 1.9665%; text-align: center; border-style: dotted; border-color: #a3f0e0;\"><span style=\"font-size: 12px; font-family: verdana, geneva, sans-serif;\">25\/03\/2026<\/span><\/td>\n<td style=\"height: 15px; width: 18.6919%; text-align: center; border-style: dotted; border-color: #a3f0e0;\"><span style=\"font-size: 12px; font-family: verdana, geneva, sans-serif;\">24\/03\/2028<\/span><\/td>\n<\/tr>\n<tr style=\"height: 21px;\">\n<td style=\"height: 21px; width: 17.6443%; border-style: dotted; border-color: #a3f0e0;\"><span style=\"color: #000000; font-family: verdana, geneva, sans-serif; font-size: 12px;\">Subcoordenador<\/span><\/td>\n<td style=\"height: 21px; width: 32.8325%; border-style: dotted; border-color: #a3f0e0;\"><span style=\"color: #000000;\"><span style=\"font-size: 12px; font-family: verdana, geneva, sans-serif;\">Giliane de <\/span><span style=\"font-size: 12px; font-family: verdana, geneva, sans-serif;\">Souza Trindade<\/span><\/span><\/td>\n<td style=\"height: 15px; width: 1.9665%; text-align: center; border-style: dotted; border-color: #a3f0e0;\"><span style=\"font-size: 12px; font-family: verdana, geneva, sans-serif; color: #000000;\">16\/03\/2026<\/span><\/td>\n<td style=\"height: 15px; width: 18.6919%; text-align: center; border-style: dotted; border-color: #a3f0e0;\"><span style=\"font-size: 12px; font-family: verdana, geneva, sans-serif; color: #000000;\">16\/03\/2028<\/span><\/td>\n<\/tr>\n<tr style=\"height: 10px;\">\n<td style=\"height: 20px; width: 19.2474%; border-style: dotted; border-color: #a3f0e0;\" rowspan=\"2\"><span style=\"color: #000000; font-family: verdana, geneva, sans-serif; font-size: 12px;\">Neuroci\u00eancias<\/span><\/td>\n<td style=\"height: 10px; width: 17.6443%; border-style: dotted; border-color: #a3f0e0;\"><span style=\"color: #000000; font-family: verdana, geneva, sans-serif; font-size: 12px;\">Coordenador<\/span><\/td>\n<td style=\"height: 10px; width: 32.8325%; border-style: dotted; border-color: #a3f0e0;\">\n<p><span style=\"font-size: 12px; font-family: verdana, geneva, sans-serif; color: #000000;\">Grace\u00a0Schenatto Pereira Moraes<\/span><\/p>\n<\/td>\n<td style=\"height: 10px; width: 1.9665%; text-align: center; border-style: dotted; border-color: #a3f0e0;\"><span style=\"color: #000000; font-size: 12px; font-family: verdana, geneva, sans-serif;\">02\/02\/2023<\/span><\/td>\n<td style=\"height: 10px; width: 18.6919%; text-align: center; border-style: dotted; border-color: #a3f0e0;\"><span style=\"font-size: 12px; font-family: verdana, geneva, sans-serif; color: #000000;\">02\/02\/2025<\/span><\/td>\n<\/tr>\n<tr style=\"height: 10px;\">\n<td style=\"height: 10px; width: 17.6443%; border-style: dotted; border-color: #a3f0e0;\"><span style=\"color: #000000; font-family: verdana, geneva, sans-serif; font-size: 12px;\">Subcoordenador<\/span><\/td>\n<td style=\"height: 10px; width: 32.8325%; border-style: dotted; border-color: #a3f0e0;\">\n<p><span style=\"font-size: 12px; font-family: verdana, geneva, sans-serif; color: #000000;\">Renato C\u00e9sar Cardoso<\/span><\/p>\n<\/td>\n<td style=\"height: 10px; width: 1.9665%; text-align: center; border-style: dotted; border-color: #a3f0e0;\"><span style=\"font-size: 12px; font-family: verdana, geneva, sans-serif; color: #000000;\">02\/02\/2023<\/span><\/td>\n<td style=\"height: 10px; width: 18.6919%; text-align: center; border-style: dotted; border-color: #a3f0e0;\"><span style=\"font-size: 12px; font-family: verdana, geneva, sans-serif; color: #000000;\">02\/02\/2025<\/span><\/td>\n<\/tr>\n<tr style=\"height: 22px;\">\n<td style=\"height: 32px; width: 19.2474%; border-style: dotted; border-color: #a3f0e0;\" rowspan=\"2\"><span style=\"color: #000000; font-family: verdana, geneva, sans-serif; font-size: 12px;\">Parasitologia<\/span><\/td>\n<td style=\"height: 22px; width: 17.6443%; border-style: dotted; border-color: #a3f0e0;\"><span style=\"color: #000000; font-family: verdana, geneva, sans-serif; font-size: 12px;\">Coordenador<\/span><\/td>\n<td style=\"height: 22px; width: 32.8325%; border-style: dotted; border-color: #a3f0e0;\"><span style=\"font-size: 12px; font-family: verdana, geneva, sans-serif; color: #000000;\">Hudson Alves Pinto<\/span><\/td>\n<td style=\"height: 22px; width: 1.9665%; text-align: center; border-style: dotted; border-color: #a3f0e0;\"><span style=\"font-size: 12px; font-family: verdana, geneva, sans-serif; color: #000000;\">13\/10\/2025<\/span><\/td>\n<td style=\"height: 22px; width: 18.6919%; text-align: center; border-style: dotted; border-color: #a3f0e0;\"><span style=\"font-size: 12px; font-family: verdana, geneva, sans-serif; color: #000000;\">13\/10\/2027<\/span><\/td>\n<\/tr>\n<tr style=\"height: 10px;\">\n<td style=\"height: 10px; width: 17.6443%; border-style: dotted; border-color: #a3f0e0;\"><span style=\"color: #000000; font-family: verdana, geneva, sans-serif; font-size: 12px;\">Subcoordenador<\/span><\/td>\n<td style=\"height: 10px; width: 32.8325%; border-style: dotted; border-color: #a3f0e0;\"><span style=\"font-size: 12px; font-family: verdana, geneva, sans-serif; color: #000000;\">Lilian Lacerda Bueno<\/span><\/td>\n<td style=\"height: 10px; width: 1.9665%; text-align: center; border-style: dotted; border-color: #a3f0e0;\"><span style=\"font-size: 12px; font-family: verdana, geneva, sans-serif; color: #000000;\">06\/10\/2025<\/span><\/td>\n<td style=\"height: 10px; width: 18.6919%; text-align: center; border-style: dotted; border-color: #a3f0e0;\"><span style=\"font-size: 12px; font-family: verdana, geneva, sans-serif; color: #000000;\">06\/10\/2027<\/span><\/td>\n<\/tr>\n<tr style=\"height: 10px;\">\n<td style=\"height: 21px; width: 19.2474%; border-style: dotted; border-color: #a3f0e0;\" rowspan=\"2\"><span style=\"color: #000000; font-family: verdana, geneva, sans-serif; font-size: 12px;\">Patologia<\/span><\/td>\n<td style=\"height: 10px; width: 17.6443%; border-style: dotted; border-color: #a3f0e0;\"><span style=\"color: #000000; font-family: verdana, geneva, sans-serif; font-size: 12px;\">Coordenador<\/span><\/td>\n<td style=\"height: 10px; width: 32.8325%; border-style: dotted; border-color: #a3f0e0;\"><span style=\"font-size: 12px; font-family: verdana, geneva, sans-serif; color: #000000;\">\u00canio Ferreira<\/span><\/td>\n<td style=\"height: 10px; width: 1.9665%; text-align: center; border-style: dotted; border-color: #a3f0e0;\"><span style=\"font-size: 12px; font-family: verdana, geneva, sans-serif; color: #000000;\">19\/11\/2024<\/span><\/td>\n<td style=\"height: 10px; width: 18.6919%; text-align: center; border-style: dotted; border-color: #a3f0e0;\"><span style=\"font-size: 12px; font-family: verdana, geneva, sans-serif; color: #000000;\">20\/11\/2026<\/span><\/td>\n<\/tr>\n<tr style=\"height: 11px;\">\n<td style=\"height: 11px; width: 17.6443%; border-style: dotted; border-color: #a3f0e0;\"><span style=\"color: #000000; font-family: verdana, geneva, sans-serif; font-size: 12px;\">Subcoordenador<\/span><\/td>\n<td style=\"height: 11px; width: 32.8325%; border-style: dotted; border-color: #a3f0e0;\"><span style=\"color: #000000; font-size: 12px; font-family: verdana, geneva, sans-serif;\">Paula Peixoto Campos\u00a0Lopes<br \/><\/span><\/td>\n<td style=\"height: 11px; width: 1.9665%; text-align: center; border-style: dotted; border-color: #a3f0e0;\"><span style=\"font-size: 12px; font-family: verdana, geneva, sans-serif; color: #000000;\">\u00a007\/11\/2022<\/span><\/td>\n<td style=\"height: 11px; width: 18.6919%; text-align: center; border-style: dotted; border-color: #a3f0e0;\"><span style=\"font-family: verdana, geneva, sans-serif; font-size: 12px; color: #000000;\"> 06\/11\/2026<\/span><\/td>\n<\/tr>\n<tr style=\"height: 19px;\">\n<td style=\"height: 29px; width: 19.2474%; border-style: dotted; border-color: #a3f0e0;\" rowspan=\"2\"><span style=\"color: #000000; font-family: verdana, geneva, sans-serif; font-size: 12px;\">PROFBIO (Ensino de Biologia) Local<\/span><\/td>\n<td style=\"height: 19px; width: 17.6443%; border-style: dotted; border-color: #a3f0e0;\"><span style=\"color: #000000; font-family: verdana, geneva, sans-serif; font-size: 12px;\">Coordenador<\/span><\/td>\n<td style=\"height: 19px; width: 32.8325%; border-style: dotted; border-color: #a3f0e0;\"><span style=\"color: #000000; font-family: verdana, geneva, sans-serif; font-size: 12px;\">Alfredo Hannemann Wieloch<\/span><\/td>\n<td style=\"height: 19px; width: 1.9665%; text-align: center; border-style: dotted; border-color: #a3f0e0;\"><span style=\"font-family: verdana, geneva, sans-serif; font-size: 12px; color: #000000;\">25\/09\/2022<\/span><\/td>\n<td style=\"height: 19px; width: 18.6919%; text-align: center; border-style: dotted; border-color: #a3f0e0;\"><span style=\"font-family: verdana, geneva, sans-serif; font-size: 12px; color: #000000;\">25\/09\/2024<\/span><\/td>\n<\/tr>\n<tr style=\"height: 10px;\">\n<td style=\"height: 10px; width: 17.6443%; border-style: dotted; border-color: #a3f0e0;\"><span style=\"color: #000000; font-family: verdana, geneva, sans-serif; font-size: 12px;\">Subcoordenador<\/span><\/td>\n<td style=\"height: 10px; width: 32.8325%; border-style: dotted; border-color: #a3f0e0;\"><span style=\"color: #000000; font-family: verdana, geneva, sans-serif; font-size: 12px;\">Maria Aparecida Gomes<\/span><\/td>\n<td style=\"height: 10px; width: 1.9665%; text-align: center; border-style: dotted; border-color: #a3f0e0;\"><span style=\"font-family: verdana, geneva, sans-serif; font-size: 12px; color: #000000;\">20\/09\/2022<\/span><\/td>\n<td style=\"height: 10px; width: 18.6919%; text-align: center; border-style: dotted; border-color: #a3f0e0;\"><span style=\"font-family: verdana, geneva, sans-serif; font-size: 12px; color: #000000;\">20\/09\/2024<\/span><\/td>\n<\/tr>\n<tr style=\"height: 22px;\">\n<td style=\"height: 36px; width: 19.2474%; border-style: dotted; border-color: #a3f0e0;\" rowspan=\"2\"><span style=\"color: #000000; font-family: verdana, geneva, sans-serif; font-size: 12px;\">PROFBIO (Ensino de Biologia ) Nacional<\/span><\/td>\n<td style=\"height: 10px; width: 17.6443%; border-style: dotted; border-color: #a3f0e0;\"><span style=\"color: #000000; font-family: verdana, geneva, sans-serif; font-size: 12px;\">Coordenador<\/span><\/td>\n<td style=\"height: 10px; width: 32.8325%; border-style: dotted; border-color: #a3f0e0;\"><span style=\"font-size: 12px; font-family: verdana, geneva, sans-serif; color: #000000;\">Adlane Vilas-Boas Ferreira<\/span><\/td>\n<td style=\"height: 10px; width: 1.9665%; text-align: center; border-style: dotted; border-color: #a3f0e0;\"><span style=\"color: #000000; font-family: verdana, geneva, sans-serif; font-size: 12px;\">15\/06\/2023<\/span><\/td>\n<td style=\"height: 10px; width: 18.6919%; text-align: center; border-style: dotted; border-color: #a3f0e0;\"><span style=\"font-size: 12px; font-family: verdana, geneva, sans-serif; color: #000000;\">14\/06\/2025<\/span><\/td>\n<\/tr>\n<tr style=\"height: 26px;\">\n<td style=\"height: 26px; width: 17.6443%; border-style: dotted; border-color: #a3f0e0;\"><span style=\"color: #000000; font-family: verdana, geneva, sans-serif; font-size: 12px;\">Subcoordenador<\/span><\/td>\n<td style=\"height: 26px; width: 32.8325%; border-style: dotted; border-color: #a3f0e0;\"><span style=\"font-size: 12px; font-family: verdana, geneva, sans-serif; color: #000000;\">Juliana Carvalho Tavares<\/span><\/td>\n<td style=\"height: 26px; width: 1.9665%; text-align: center; border-style: dotted; border-color: #a3f0e0;\"><span style=\"color: #000000; font-size: 12px; font-family: verdana, geneva, sans-serif;\">14\/07\/2023<\/span><\/td>\n<td style=\"height: 26px; width: 18.6919%; text-align: center; border-style: dotted; border-color: #a3f0e0;\"><span style=\"color: #000000; font-size: 12px; font-family: verdana, geneva, sans-serif;\">15\/07\/2025<\/span><\/td>\n<\/tr>\n<tr style=\"height: 17px;\">\n<td style=\"height: 27px; width: 19.2474%; border-style: dotted; border-color: #a3f0e0;\" rowspan=\"2\"><span style=\"color: #000000; font-family: verdana, geneva, sans-serif; font-size: 12px;\">Zoologia<\/span><\/td>\n<td style=\"height: 17px; width: 17.6443%; border-style: dotted; border-color: #a3f0e0;\"><span style=\"color: #000000; font-family: verdana, geneva, sans-serif; font-size: 12px;\">Coordenador<\/span><\/td>\n<td style=\"height: 17px; width: 32.8325%; border-style: dotted; border-color: #a3f0e0;\"><span style=\"font-size: 12px; font-family: verdana, geneva, sans-serif; color: #000000;\">Almir Rog\u00e9rio Pepato<\/span><\/td>\n<td style=\"height: 17px; width: 1.9665%; text-align: center; border-style: dotted; border-color: #a3f0e0;\"><span style=\"font-size: 12px; font-family: verdana, geneva, sans-serif; color: #000000;\">08\/05\/2025<\/span><\/td>\n<td style=\"height: 17px; width: 18.6919%; text-align: center; border-style: dotted; border-color: #a3f0e0;\"><span style=\"font-size: 12px; font-family: verdana, geneva, sans-serif; color: #000000;\">08\/05\/2027<\/span><\/td>\n<\/tr>\n<tr style=\"height: 10px;\">\n<td style=\"height: 10px; width: 17.6443%; border-style: dotted; border-color: #a3f0e0;\"><span style=\"color: #000000; font-family: verdana, geneva, sans-serif; font-size: 12px;\">Subcoordenador<\/span><\/td>\n<td style=\"height: 10px; width: 32.8325%; border-style: dotted; border-color: #a3f0e0;\"><span style=\"font-size: 12px; font-family: verdana, geneva, sans-serif; color: #000000;\">Thiago Ribeiro de Carvalho Tavares<\/span><\/td>\n<td style=\"height: 10px; width: 1.9665%; text-align: center; border-style: dotted; border-color: #a3f0e0;\"><span style=\"font-size: 12px; font-family: verdana, geneva, sans-serif; color: #000000;\">02\/05\/2025<\/span><\/td>\n<td style=\"height: 10px; width: 18.6919%; text-align: center; border-style: dotted; border-color: #a3f0e0;\"><span style=\"font-size: 12px; font-family: verdana, geneva, sans-serif; color: #000000;\">02\/05\/2027<\/span><\/td>\n<\/tr>\n<tr style=\"height: 10px;\">\n<td style=\"width: 19.2474%; height: 20px; border-style: dotted; border-color: #a3f0e0;\" rowspan=\"2\"><span style=\"color: #000000; font-family: verdana, geneva, sans-serif; font-size: 12px;\">T\u00e9cnico Administrativo em Educa\u00e7\u00e3o<\/span><\/td>\n<td style=\"width: 17.6443%; height: 10px; border-style: dotted; border-color: #a3f0e0;\"><span style=\"color: #000000; font-family: verdana, geneva, sans-serif; font-size: 12px;\">Titular<\/span><\/td>\n<td style=\"width: 32.8325%; height: 10px; border-style: dotted; border-color: #a3f0e0;\">\u00a0<\/td>\n<td style=\"width: 1.9665%; height: 10px; text-align: center; border-style: dotted; border-color: #a3f0e0;\">\u00a0<\/td>\n<td style=\"width: 18.6919%; height: 10px; text-align: center; border-style: dotted; border-color: #a3f0e0;\">\u00a0<\/td>\n<\/tr>\n<tr style=\"height: 10px;\">\n<td style=\"width: 17.6443%; height: 10px; border-style: dotted; border-color: #a3f0e0;\"><span style=\"color: #000000; font-family: verdana, geneva, sans-serif; font-size: 12px;\">Suplente<\/span><\/td>\n<td style=\"width: 32.8325%; height: 10px; border-style: dotted; border-color: #a3f0e0;\">\u00a0<\/td>\n<td style=\"width: 1.9665%; height: 10px; text-align: center; border-style: dotted; border-color: #a3f0e0;\">\u00a0<\/td>\n<td style=\"width: 18.6919%; height: 10px; text-align: center; border-style: dotted; border-color: #a3f0e0;\">\u00a0<\/td>\n<\/tr>\n<tr style=\"height: 28px;\">\n<td style=\"width: 19.2474%; height: 20px; border-style: dotted; border-color: #a3f0e0;\" rowspan=\"2\"><span style=\"color: #000000; font-family: verdana, geneva, sans-serif; font-size: 12px;\">Discentes<\/span><\/td>\n<td style=\"width: 17.6443%; height: 10px; border-style: dotted; border-color: #a3f0e0;\"><span style=\"color: #000000; font-family: verdana, geneva, sans-serif; font-size: 12px;\">Titular<\/span><\/td>\n<td style=\"width: 32.8325%; height: 10px; border-style: dotted; border-color: #a3f0e0;\">\u00a0<\/td>\n<td style=\"width: 1.9665%; height: 10px; text-align: center; border-style: dotted; border-color: #a3f0e0;\">\u00a0<\/td>\n<td style=\"width: 18.6919%; height: 10px; text-align: center; border-style: dotted; border-color: #a3f0e0;\">\u00a0<\/td>\n<\/tr>\n<tr style=\"height: 10px;\">\n<td style=\"width: 17.6443%; height: 10px; border-style: dotted; border-color: #a3f0e0;\"><span style=\"color: #000000; font-family: verdana, geneva, sans-serif; font-size: 12px;\">Suplente<\/span><\/td>\n<td style=\"width: 32.8325%; height: 10px; border-style: dotted; border-color: #a3f0e0;\">\u00a0<\/td>\n<td style=\"width: 1.9665%; height: 10px; text-align: center; border-style: dotted; border-color: #a3f0e0;\">\u00a0<\/td>\n<td style=\"width: 18.6919%; height: 10px; border-style: dotted; border-color: #a3f0e0; text-align: center;\">\u00a0<\/td>\n<\/tr>\n<\/tbody>\n<\/table>\t\t\t\t\t<\/div>\n\t\t\t\t\t\t<\/div>\n\t\t\t\t<\/div>\n\t\t\t\t\t\t<\/div>\n\t\t\t\t\t<\/div>\n\t\t<\/div>\n\t\t\t\t<div class=\"elementor-column elementor-col-33 elementor-top-column elementor-element elementor-element-32943b65\" data-id=\"32943b65\" data-element_type=\"column\">\n\t\t\t<div class=\"elementor-column-wrap elementor-element-populated\">\n\t\t\t\t\t\t\t<div class=\"elementor-widget-wrap\">\n\t\t\t\t\t\t<div class=\"elementor-element elementor-element-75234558 elementor-widget elementor-widget-sidebar\" data-id=\"75234558\" data-element_type=\"widget\" data-widget_type=\"sidebar.default\">\n\t\t\t\t<div class=\"elementor-widget-container\">\n\t\t\t<section id=\"search-2\" class=\"widget widget_search\">\n<form role=\"search\" method=\"get\" class=\"search-form\" autocomplete=\"off\" action=\"https:\/\/www2.icb.ufmg.br\/napg\/\">\n    <label>\n\t<span class=\"screen-reader-text\">Search for:<\/span>\n\t<input type=\"search\" class=\"search-field\" placeholder=\"Search &hellip;\" value=\"\" name=\"s\" title=\"Search for:\" \/>\n    <\/label>\n    <input type=\"submit\" class=\"search-submit\" value=\"\"><span class=\"screen-reader-text\">Search<\/span>\n<\/form><\/section><section id=\"categories-9\" class=\"widget widget_categories\"><h2 class=\"widget-title\">Categoria<\/h2>\n\t\t\t<ul>\n\t\t\t\t\t<li class=\"cat-item cat-item-42\"><a href=\"https:\/\/www2.icb.ufmg.br\/napg\/?cat=42\">Entreterimento &#8211; Espa\u00e7o teenager<\/a>\n<\/li>\n\t<li class=\"cat-item cat-item-12\"><a href=\"https:\/\/www2.icb.ufmg.br\/napg\/?cat=12\">Eventos NAPG<\/a>\n<\/li>\n\t<li class=\"cat-item cat-item-15\"><a href=\"https:\/\/www2.icb.ufmg.br\/napg\/?cat=15\">Nossa Galeria<\/a>\n<\/li>\n\t<li class=\"cat-item cat-item-18\"><a href=\"https:\/\/www2.icb.ufmg.br\/napg\/?cat=18\">Nossos n\u00fameros<\/a>\n<\/li>\n\t<li class=\"cat-item cat-item-11\"><a href=\"https:\/\/www2.icb.ufmg.br\/napg\/?cat=11\">Nossos v\u00eddeos<\/a>\n<\/li>\n\t<li class=\"cat-item cat-item-10\"><a href=\"https:\/\/www2.icb.ufmg.br\/napg\/?cat=10\">Not\u00edcias<\/a>\n<\/li>\n\t<li class=\"cat-item cat-item-1\"><a href=\"https:\/\/www2.icb.ufmg.br\/napg\/?cat=1\">Sem categoria<\/a>\n<\/li>\n\t\t\t<\/ul>\n\n\t\t\t<\/section>\t\t<\/div>\n\t\t\t\t<\/div>\n\t\t\t\t\t\t<\/div>\n\t\t\t\t\t<\/div>\n\t\t<\/div>\n\t\t\t\t\t\t\t\t<\/div>\n\t\t\t\t\t<\/div>\n\t\t<\/section>\n\t\t\t\t<section class=\"elementor-section elementor-top-section elementor-element elementor-element-dc1b61f elementor-section-full_width elementor-section-height-min-height elementor-section-items-top elementor-section-content-top elementor-section-height-default\" data-id=\"dc1b61f\" data-element_type=\"section\" data-settings=\"{&quot;background_background&quot;:&quot;classic&quot;}\">\n\t\t\t\t\t\t<div class=\"elementor-container elementor-column-gap-extended\">\n\t\t\t\t\t\t\t<div class=\"elementor-row\">\n\t\t\t\t\t<div class=\"elementor-column elementor-col-100 elementor-top-column elementor-element elementor-element-da7114e\" data-id=\"da7114e\" data-element_type=\"column\">\n\t\t\t<div class=\"elementor-column-wrap elementor-element-populated\">\n\t\t\t\t\t\t\t<div class=\"elementor-widget-wrap\">\n\t\t\t\t\t\t<div class=\"elementor-element elementor-element-33467a2f elementor-widget elementor-widget-text-editor\" data-id=\"33467a2f\" data-element_type=\"widget\" data-widget_type=\"text-editor.default\">\n\t\t\t\t<div class=\"elementor-widget-container\">\n\t\t\t\t\t\t\t\t<div class=\"elementor-text-editor elementor-clearfix\">\n\t\t\t\t<p><strong><span style=\"color: #339966;\"><img decoding=\"async\" loading=\"lazy\" class=\"wp-image-2127\" src=\"https:\/\/www2.icb.ufmg.br\/napg\/wp-content\/uploads\/2018\/08\/old-telephone1-1.png\" alt=\"\" width=\"17\" height=\"17\" \/><\/span><\/strong><span style=\"color: #000000;\">\u00a0(31) 3409-2522<\/span><br \/><span style=\"color: #000000;\"><img decoding=\"async\" loading=\"lazy\" class=\"wp-image-2126\" src=\"https:\/\/www2.icb.ufmg.br\/napg\/wp-content\/uploads\/2018\/08\/black-back-closed-envelope-shape.png\" alt=\"\" width=\"15\" height=\"15\" \/>\u00a0napg@icb.ufmg.br<\/span><br \/><span style=\"color: #000000;\"><img decoding=\"async\" loading=\"lazy\" class=\"wp-image-2125\" src=\"https:\/\/www2.icb.ufmg.br\/napg\/wp-content\/uploads\/2018\/08\/locating.png\" alt=\"\" width=\"18\" height=\"18\" \/>Av. Antonio Carlos,\u00a0 6627 &#8211; ICB &#8211; Bloco F &#8211; 1\u00ba andar &#8211; Sala 70 &#8211; UFMG &#8211; Pampulha &#8211; 31270-901 &#8211; BH\/MG.<\/span><br \/><span style=\"color: #000000;\"><img decoding=\"async\" loading=\"lazy\" class=\"alignleft wp-image-2143\" src=\"https:\/\/www2.icb.ufmg.br\/napg\/wp-content\/uploads\/2018\/08\/car-fill-from-frontal-view.png\" alt=\"\" width=\"20\" height=\"20\" \/><a style=\"color: #000000;\" href=\"https:\/\/www2.icb.ufmg.br\/napg\/index.php\/2018\/08\/24\/como-chegar\/\">Como Chegar<\/a><\/span><\/p>\n<p><span style=\"color: #000000;\">Hor\u00e1rio de Atendimento: de segunda a sexta-feira das 8h \u00e0s 11h30 &#8211; 14h \u00e0s 16h<\/span><\/p>\t\t\t\t\t<\/div>\n\t\t\t\t\t\t<\/div>\n\t\t\t\t<\/div>\n\t\t\t\t\t\t<\/div>\n\t\t\t\t\t<\/div>\n\t\t<\/div>\n\t\t\t\t\t\t\t\t<\/div>\n\t\t\t\t\t<\/div>\n\t\t<\/section>\n\t\t\t\t\t\t<\/div>\n\t\t\t\t\t\t<\/div>\n\t\t\t\t\t<\/div>\n\t\t","protected":false},"excerpt":{"rendered":"<p>Membros do Colegiado NAPG MEMBROS DO COLEGIADO NAPG Programa Fun\u00e7\u00e3o \/ Nome Mandato In\u00edcio T\u00e9rmino NAPG Coordenador Fernanda R. C. Lobato de Almeida 18\/10\/2024 17\/10\/2026 Subcoordenador Frederico M. Soriani 18\/10\/2024 17\/10\/2026 Bioinform\u00e1tica Coordenador Raquel Cardoso de Melo Minardi 13\/05\/2024 12\/05\/2026 Subcoordenador Fl\u00e1via Figueira Aburjaile 02\/05\/2024 01\/05\/2026 Biologia Celular Coordenador Erika Cristina Jorge 13\/05\/2025 30\/05\/2027 Subcoordenador Guilherme Mattos Jardim Costa 13\/05\/2025 30\/05\/2027 Biologia Vegetal Coordenador Rosy Mary dos Santos Isaias 13\/09\/2024 12\/09\/2026 Subcoordenador Ada\u00edses Simone Maciel Silva 26\/03\/2025 25\/03\/2027 Bioqu\u00edmica e Imunologia Coordenador Fl\u00e1vio Almeida Amaral 22\/05\/2025 21\/05\/2027 Subcoordenador Ronaldo Alves Pinto Nagem 03\/06\/2025 02\/06\/2027 Ecologia, Conserva\u00e7\u00e3o e Manejo da Vida <a href=\"https:\/\/www2.icb.ufmg.br\/napg\/?p=11\" class=\"more-link\">Read More<\/a><\/p>\n","protected":false},"author":1,"featured_media":0,"comment_status":"closed","ping_status":"closed","sticky":false,"template":"elementor_header_footer","format":"standard","meta":[],"categories":[1],"tags":[],"_links":{"self":[{"href":"https:\/\/www2.icb.ufmg.br\/napg\/index.php?rest_route=\/wp\/v2\/posts\/11"}],"collection":[{"href":"https:\/\/www2.icb.ufmg.br\/napg\/index.php?rest_route=\/wp\/v2\/posts"}],"about":[{"href":"https:\/\/www2.icb.ufmg.br\/napg\/index.php?rest_route=\/wp\/v2\/types\/post"}],"author":[{"embeddable":true,"href":"https:\/\/www2.icb.ufmg.br\/napg\/index.php?rest_route=\/wp\/v2\/users\/1"}],"replies":[{"embeddable":true,"href":"https:\/\/www2.icb.ufmg.br\/napg\/index.php?rest_route=%2Fwp%2Fv2%2Fcomments&post=11"}],"version-history":[{"count":736,"href":"https:\/\/www2.icb.ufmg.br\/napg\/index.php?rest_route=\/wp\/v2\/posts\/11\/revisions"}],"predecessor-version":[{"id":23649,"href":"https:\/\/www2.icb.ufmg.br\/napg\/index.php?rest_route=\/wp\/v2\/posts\/11\/revisions\/23649"}],"wp:attachment":[{"href":"https:\/\/www2.icb.ufmg.br\/napg\/index.php?rest_route=%2Fwp%2Fv2%2Fmedia&parent=11"}],"wp:term":[{"taxonomy":"category","embeddable":true,"href":"https:\/\/www2.icb.ufmg.br\/napg\/index.php?rest_route=%2Fwp%2Fv2%2Fcategories&post=11"},{"taxonomy":"post_tag","embeddable":true,"href":"https:\/\/www2.icb.ufmg.br\/napg\/index.php?rest_route=%2Fwp%2Fv2%2Ftags&post=11"}],"curies":[{"name":"wp","href":"https:\/\/api.w.org\/{rel}","templated":true}]}}